{"id":2948,"date":"2022-01-29T17:02:19","date_gmt":"2022-01-29T16:02:19","guid":{"rendered":"https:\/\/agora.xtec.cat\/esc-elpalau\/?p=2948"},"modified":"2022-02-05T01:05:39","modified_gmt":"2022-02-05T00:05:39","slug":"4t-dia-de-la-pau","status":"publish","type":"post","link":"https:\/\/agora.xtec.cat\/esc-elpalau\/portada\/4t-dia-de-la-pau\/","title":{"rendered":"4t DIA DE LA PAU"},"content":{"rendered":"<p>El divendres 28 de gener, a l\u2019escola hem celebrat el dia mundial de la Pau i la no viol\u00e8ncia. I els alumnes de 4t ens hem trobat amb una sorpresa&#8230;<\/p>\n<p>A la tarda, quan vam entrar a classe per a fer assemblea, del sostre penjava un paquet misteri\u00f3s. El vam despenjar i vam veure que dins hi havia un sobre per a cada equip. El repte que vam trobar dins era fer un trencaclosques!<\/p>\n<p>Mentre el f\u00e8iem, ens faltaven i ens sobraven peces. Finalment vam arribar a la conclusi\u00f3 que nom\u00e9s hi havia un trencaclosques i que calia fer-lo entre tots.<\/p>\n<p>Un cop muntat, vam aprendre que les peces corresponien a conductes pr\u00f2pies de la cultura de la pau. I que les peces que sobraven pertanyien a la cultura de la viol\u00e8ncia.<\/p>\n<p>(Cliqueu la imatge per veure les fotos)<a href=\"https:\/\/drive.google.com\/drive\/folders\/1bo7kh7mD0QgxCfTTcRs1cTdRFTLk82Fd\"><img loading=\"lazy\" decoding=\"async\" class=\"alignnone size-medium wp-image-2949\" src=\"https:\/\/agora.xtec.cat\/esc-elpalau\/wp-content\/uploads\/usu1480\/2022\/01\/Captura-de-Pantalla-2022-01-29-a-les-16.47.00-278x300.png\" alt=\"\" width=\"278\" height=\"300\" srcset=\"https:\/\/agora.xtec.cat\/esc-elpalau\/wp-content\/uploads\/usu1480\/2022\/01\/Captura-de-Pantalla-2022-01-29-a-les-16.47.00-278x300.png 278w, https:\/\/agora.xtec.cat\/esc-elpalau\/wp-content\/uploads\/usu1480\/2022\/01\/Captura-de-Pantalla-2022-01-29-a-les-16.47.00.png 284w\" sizes=\"auto, (max-width: 278px) 100vw, 278px\" \/><\/a><\/p>\n","protected":false},"excerpt":{"rendered":"<p>El divendres 28 de gener, a l\u2019escola hem celebrat el dia mundial de la Pau i la no viol\u00e8ncia. I els alumnes de 4t ens hem trobat amb una sorpresa&#8230;<br \/>\nA la tarda, quan vam entrar a classe per a fer assemblea, del sostre penjava un&hellip;  <a href=\"https:\/\/agora.xtec.cat\/esc-elpalau\/portada\/4t-dia-de-la-pau\/\" title=\"Read 4t DIA DE LA PAU\">Llegeix m\u00e9s\u00bb<\/a><\/p>\n","protected":false},"author":30,"featured_media":2949,"comment_status":"open","ping_status":"closed","sticky":false,"template":"","format":"standard","meta":{"_bbp_topic_count":0,"_bbp_reply_count":0,"_bbp_total_topic_count":0,"_bbp_total_reply_count":0,"_bbp_voice_count":0,"_bbp_anonymous_reply_count":0,"_bbp_topic_count_hidden":0,"_bbp_reply_count_hidden":0,"_bbp_forum_subforum_count":0,"footnotes":""},"categories":[11,4,5],"tags":[],"class_list":["post-2948","post","type-post","status-publish","format-standard","has-post-thumbnail","hentry","category-c-mitja","category-portada","category-primaria"],"post_mailing_queue_ids":[],"_links":{"self":[{"href":"https:\/\/agora.xtec.cat\/esc-elpalau\/wp-json\/wp\/v2\/posts\/2948","targetHints":{"allow":["GET"]}}],"collection":[{"href":"https:\/\/agora.xtec.cat\/esc-elpalau\/wp-json\/wp\/v2\/posts"}],"about":[{"href":"https:\/\/agora.xtec.cat\/esc-elpalau\/wp-json\/wp\/v2\/types\/post"}],"author":[{"embeddable":true,"href":"https:\/\/agora.xtec.cat\/esc-elpalau\/wp-json\/wp\/v2\/users\/30"}],"replies":[{"embeddable":true,"href":"https:\/\/agora.xtec.cat\/esc-elpalau\/wp-json\/wp\/v2\/comments?post=2948"}],"version-history":[{"count":4,"href":"https:\/\/agora.xtec.cat\/esc-elpalau\/wp-json\/wp\/v2\/posts\/2948\/revisions"}],"predecessor-version":[{"id":2968,"href":"https:\/\/agora.xtec.cat\/esc-elpalau\/wp-json\/wp\/v2\/posts\/2948\/revisions\/2968"}],"wp:featuredmedia":[{"embeddable":true,"href":"https:\/\/agora.xtec.cat\/esc-elpalau\/wp-json\/wp\/v2\/media\/2949"}],"wp:attachment":[{"href":"https:\/\/agora.xtec.cat\/esc-elpalau\/wp-json\/wp\/v2\/media?parent=2948"}],"wp:term":[{"taxonomy":"category","embeddable":true,"href":"https:\/\/agora.xtec.cat\/esc-elpalau\/wp-json\/wp\/v2\/categories?post=2948"},{"taxonomy":"post_tag","embeddable":true,"href":"https:\/\/agora.xtec.cat\/esc-elpalau\/wp-json\/wp\/v2\/tags?post=2948"}],"curies":[{"name":"wp","href":"https:\/\/api.w.org\/{rel}","templated":true}]}}