{"id":2943,"date":"2022-01-27T13:42:16","date_gmt":"2022-01-27T12:42:16","guid":{"rendered":"https:\/\/agora.xtec.cat\/esc-elpalau\/?p=2943"},"modified":"2022-03-28T09:17:01","modified_gmt":"2022-03-28T07:17:01","slug":"us-presentem-la-coope-misteriosa","status":"publish","type":"post","link":"https:\/\/agora.xtec.cat\/esc-elpalau\/portada\/us-presentem-la-coope-misteriosa\/","title":{"rendered":"Us presentem la Coope Misteriosa!"},"content":{"rendered":"<p>Els nens i nenes de 5\u00e8 portem des de comen\u00e7ament de curs treballant en el projecte del\u00a0<span class=\"hiddenSpellError\">cuEmE<\/span>. \u00c9s un projecte molt especial per a\u00a0nosaltres, ja que, no nom\u00e9s aprenem moltes coses sin\u00f3 que \u00e9s un projecte que pot ajudar a molta gent.<\/p>\n<p>Durant el primer trimestre vam\u00a0constituir\u00a0la nostra cooperativa que l&#8217;hem anomenat la\u00a0<span class=\"hiddenSpellError\">COOPE<\/span>\u00a0MISTERIOSA i ara ja us la podem presentar i ensenyar-vos un petit tastet dels productes que podreu trobar.<\/p>\n<p>Durant aquest segon trimestre continuarem amb la producci\u00f3 dels productes i en com administrem el capital de la cooperativa!<\/p>\n<p>Si voleu saber-ne m\u00e9s no us\u00a0preocupeu, us anirem avisant de totes les novetats i quan sapiguem la data del mercat sereu les primeres\u00a0a\u00a0saber-ho!<\/p>\n<p><iframe loading=\"lazy\" title=\"Coope Misteriosa #cuEmE\" width=\"500\" height=\"281\" src=\"https:\/\/www.youtube.com\/embed\/38V4SCHiivs?feature=oembed\" frameborder=\"0\" allow=\"accelerometer; autoplay; clipboard-write; encrypted-media; gyroscope; picture-in-picture; web-share\" referrerpolicy=\"strict-origin-when-cross-origin\" allowfullscreen><\/iframe><\/p>\n<p>&nbsp;<\/p>\n","protected":false},"excerpt":{"rendered":"<p>Els nens i nenes de 5\u00e8 portem des de comen\u00e7ament de curs treballant en el projecte del\u00a0cuEmE. \u00c9s un projecte molt especial per a\u00a0nosaltres, ja que, no nom\u00e9s aprenem moltes coses sin\u00f3 que \u00e9s un projecte que pot ajudar a molta gent.<br \/>\nDurant el primer trimestre&hellip;  <a href=\"https:\/\/agora.xtec.cat\/esc-elpalau\/portada\/us-presentem-la-coope-misteriosa\/\" title=\"Read Us presentem la Coope Misteriosa!\">Llegeix m\u00e9s\u00bb<\/a><\/p>\n","protected":false},"author":1,"featured_media":2947,"comment_status":"open","ping_status":"closed","sticky":false,"template":"","format":"standard","meta":{"_bbp_topic_count":0,"_bbp_reply_count":0,"_bbp_total_topic_count":0,"_bbp_total_reply_count":0,"_bbp_voice_count":0,"_bbp_anonymous_reply_count":0,"_bbp_topic_count_hidden":0,"_bbp_reply_count_hidden":0,"_bbp_forum_subforum_count":0,"footnotes":""},"categories":[12,157,4,5],"tags":[152,153,154],"class_list":["post-2943","post","type-post","status-publish","format-standard","has-post-thumbnail","hentry","category-c-superior","category-cueme-2","category-portada","category-primaria","tag-5e","tag-cueme","tag-projecte-social"],"post_mailing_queue_ids":[],"_links":{"self":[{"href":"https:\/\/agora.xtec.cat\/esc-elpalau\/wp-json\/wp\/v2\/posts\/2943","targetHints":{"allow":["GET"]}}],"collection":[{"href":"https:\/\/agora.xtec.cat\/esc-elpalau\/wp-json\/wp\/v2\/posts"}],"about":[{"href":"https:\/\/agora.xtec.cat\/esc-elpalau\/wp-json\/wp\/v2\/types\/post"}],"author":[{"embeddable":true,"href":"https:\/\/agora.xtec.cat\/esc-elpalau\/wp-json\/wp\/v2\/users\/1"}],"replies":[{"embeddable":true,"href":"https:\/\/agora.xtec.cat\/esc-elpalau\/wp-json\/wp\/v2\/comments?post=2943"}],"version-history":[{"count":2,"href":"https:\/\/agora.xtec.cat\/esc-elpalau\/wp-json\/wp\/v2\/posts\/2943\/revisions"}],"predecessor-version":[{"id":2946,"href":"https:\/\/agora.xtec.cat\/esc-elpalau\/wp-json\/wp\/v2\/posts\/2943\/revisions\/2946"}],"wp:featuredmedia":[{"embeddable":true,"href":"https:\/\/agora.xtec.cat\/esc-elpalau\/wp-json\/wp\/v2\/media\/2947"}],"wp:attachment":[{"href":"https:\/\/agora.xtec.cat\/esc-elpalau\/wp-json\/wp\/v2\/media?parent=2943"}],"wp:term":[{"taxonomy":"category","embeddable":true,"href":"https:\/\/agora.xtec.cat\/esc-elpalau\/wp-json\/wp\/v2\/categories?post=2943"},{"taxonomy":"post_tag","embeddable":true,"href":"https:\/\/agora.xtec.cat\/esc-elpalau\/wp-json\/wp\/v2\/tags?post=2943"}],"curies":[{"name":"wp","href":"https:\/\/api.w.org\/{rel}","templated":true}]}}