{"id":2838,"date":"2021-11-19T00:43:36","date_gmt":"2021-11-18T23:43:36","guid":{"rendered":"https:\/\/agora.xtec.cat\/esc-elpalau\/?p=2838"},"modified":"2021-11-21T22:12:48","modified_gmt":"2021-11-21T21:12:48","slug":"4t-linfok-ens-visita","status":"publish","type":"post","link":"https:\/\/agora.xtec.cat\/esc-elpalau\/general\/4t-linfok-ens-visita\/","title":{"rendered":"4t. L&#8217;INFOK ENS VISITA"},"content":{"rendered":"<p>Un periodista, l&#8217;Oriol, i un c\u00e0mera, el Gustau, de l&#8217;InfoK, han vingut a la nostra escola per a que els expliqu\u00e9ssim que estem fent pel Gran Recapte d&#8217;aquest any. Aix\u00ed que&#8230; en aquesta ocasi\u00f3, els alumnes de 4t hem fet de reporters per la televisi\u00f3!!<\/p>\n<p>Ens ho hem passat molt b\u00e9. Per\u00f2 tamb\u00e9, hem apr\u00e8s que no \u00e9s gens f\u00e0cil posar-se davant d&#8217;una c\u00e0mera i parlar com si res.<\/p>\n<p>Si no heu tingut oportunitat de veure-ho a casa o voleu visualitzar-lo de nou, aqu\u00ed teniu l&#8217;enlla\u00e7 del nostre reportatge televisiu.<\/p>\n<p><a href=\"https:\/\/www.ccma.cat\/tv3\/super3\/infok\/comenca-un-gran-recapte-diferent\/video\/6130385\/\"><img loading=\"lazy\" decoding=\"async\" class=\"size-medium wp-image-2839 aligncenter\" src=\"https:\/\/agora.xtec.cat\/esc-elpalau\/wp-content\/uploads\/usu1480\/2021\/11\/20211119_003014-300x220.jpg\" alt=\"\" width=\"300\" height=\"220\" srcset=\"https:\/\/agora.xtec.cat\/esc-elpalau\/wp-content\/uploads\/usu1480\/2021\/11\/20211119_003014-300x220.jpg 300w, https:\/\/agora.xtec.cat\/esc-elpalau\/wp-content\/uploads\/usu1480\/2021\/11\/20211119_003014-1024x751.jpg 1024w, https:\/\/agora.xtec.cat\/esc-elpalau\/wp-content\/uploads\/usu1480\/2021\/11\/20211119_003014-768x563.jpg 768w, https:\/\/agora.xtec.cat\/esc-elpalau\/wp-content\/uploads\/usu1480\/2021\/11\/20211119_003014.jpg 1472w\" sizes=\"auto, (max-width: 300px) 100vw, 300px\" \/><\/a><\/p>\n<p style=\"text-align: center;\">(Clica a sobre de la foto per a veure el v\u00eddeo)<\/p>\n<p>&nbsp;<\/p>\n<p>&nbsp;<\/p>\n","protected":false},"excerpt":{"rendered":"<p>Un periodista, l&#8217;Oriol, i un c\u00e0mera, el Gustau, de l&#8217;InfoK, han vingut a la nostra escola per a que els expliqu\u00e9ssim que estem fent pel Gran Recapte d&#8217;aquest any. Aix\u00ed que&#8230; en aquesta ocasi\u00f3, els alumnes de 4t hem fet de reporters per la televisi\u00f3!!<br \/>\nEns&hellip;  <a href=\"https:\/\/agora.xtec.cat\/esc-elpalau\/general\/4t-linfok-ens-visita\/\" title=\"Read 4t. L&#8217;INFOK ENS VISITA\">Llegeix m\u00e9s\u00bb<\/a><\/p>\n","protected":false},"author":30,"featured_media":0,"comment_status":"open","ping_status":"closed","sticky":false,"template":"","format":"standard","meta":{"_bbp_topic_count":0,"_bbp_reply_count":0,"_bbp_total_topic_count":0,"_bbp_total_reply_count":0,"_bbp_voice_count":0,"_bbp_anonymous_reply_count":0,"_bbp_topic_count_hidden":0,"_bbp_reply_count_hidden":0,"_bbp_forum_subforum_count":0,"footnotes":""},"categories":[11,1,4,5],"tags":[],"class_list":["post-2838","post","type-post","status-publish","format-standard","hentry","category-c-mitja","category-general","category-portada","category-primaria"],"post_mailing_queue_ids":[],"_links":{"self":[{"href":"https:\/\/agora.xtec.cat\/esc-elpalau\/wp-json\/wp\/v2\/posts\/2838","targetHints":{"allow":["GET"]}}],"collection":[{"href":"https:\/\/agora.xtec.cat\/esc-elpalau\/wp-json\/wp\/v2\/posts"}],"about":[{"href":"https:\/\/agora.xtec.cat\/esc-elpalau\/wp-json\/wp\/v2\/types\/post"}],"author":[{"embeddable":true,"href":"https:\/\/agora.xtec.cat\/esc-elpalau\/wp-json\/wp\/v2\/users\/30"}],"replies":[{"embeddable":true,"href":"https:\/\/agora.xtec.cat\/esc-elpalau\/wp-json\/wp\/v2\/comments?post=2838"}],"version-history":[{"count":3,"href":"https:\/\/agora.xtec.cat\/esc-elpalau\/wp-json\/wp\/v2\/posts\/2838\/revisions"}],"predecessor-version":[{"id":2853,"href":"https:\/\/agora.xtec.cat\/esc-elpalau\/wp-json\/wp\/v2\/posts\/2838\/revisions\/2853"}],"wp:attachment":[{"href":"https:\/\/agora.xtec.cat\/esc-elpalau\/wp-json\/wp\/v2\/media?parent=2838"}],"wp:term":[{"taxonomy":"category","embeddable":true,"href":"https:\/\/agora.xtec.cat\/esc-elpalau\/wp-json\/wp\/v2\/categories?post=2838"},{"taxonomy":"post_tag","embeddable":true,"href":"https:\/\/agora.xtec.cat\/esc-elpalau\/wp-json\/wp\/v2\/tags?post=2838"}],"curies":[{"name":"wp","href":"https:\/\/api.w.org\/{rel}","templated":true}]}}