{"id":2833,"date":"2021-11-18T19:23:46","date_gmt":"2021-11-18T18:23:46","guid":{"rendered":"https:\/\/agora.xtec.cat\/esc-elpalau\/?p=2833"},"modified":"2021-11-18T19:26:28","modified_gmt":"2021-11-18T18:26:28","slug":"4t-video-del-gran-recapte","status":"publish","type":"post","link":"https:\/\/agora.xtec.cat\/esc-elpalau\/general\/4t-video-del-gran-recapte\/","title":{"rendered":"4t. V\u00cdDEO DEL GRAN RECAPTE"},"content":{"rendered":"<p>Fam\u00edlies !!<\/p>\n<p>Els i les alumnes de 4t tenim l&#8217;honor de presentar-vos el nostre v\u00eddeo de El Gran Recapte; fet amb molt de carinyo i esfor\u00e7 a l&#8217;escola.<\/p>\n<p>Estem molt contents d&#8217;explicar-vos en qu\u00e8 consisteix El Gran Recapte i qu\u00e8 podeu fer per col\u00b7laborar en la campanya d&#8217;enguany. I aix\u00ed entre tots, fer possible que fam\u00edlies m\u00e9s necessitades puguin tenir les necessitats b\u00e0siques cobertes.<\/p>\n<p>Moltes gr\u00e0cies a tots per col\u00b7laborar !!<\/p>\n<p><a href=\"https:\/\/www.youtube.com\/watch?v=xoF3R9c-ZL8\"><img loading=\"lazy\" decoding=\"async\" class=\"alignnone size-medium wp-image-2812 aligncenter\" src=\"https:\/\/agora.xtec.cat\/esc-elpalau\/wp-content\/uploads\/usu1480\/2021\/11\/Screenshot_20211112-211533_Gallery-300x169.jpg\" alt=\"\" width=\"300\" height=\"169\" srcset=\"https:\/\/agora.xtec.cat\/esc-elpalau\/wp-content\/uploads\/usu1480\/2021\/11\/Screenshot_20211112-211533_Gallery-300x169.jpg 300w, https:\/\/agora.xtec.cat\/esc-elpalau\/wp-content\/uploads\/usu1480\/2021\/11\/Screenshot_20211112-211533_Gallery-1024x576.jpg 1024w, https:\/\/agora.xtec.cat\/esc-elpalau\/wp-content\/uploads\/usu1480\/2021\/11\/Screenshot_20211112-211533_Gallery-768x432.jpg 768w, https:\/\/agora.xtec.cat\/esc-elpalau\/wp-content\/uploads\/usu1480\/2021\/11\/Screenshot_20211112-211533_Gallery-1536x864.jpg 1536w, https:\/\/agora.xtec.cat\/esc-elpalau\/wp-content\/uploads\/usu1480\/2021\/11\/Screenshot_20211112-211533_Gallery.jpg 1920w\" sizes=\"auto, (max-width: 300px) 100vw, 300px\" \/><\/a><\/p>\n<p style=\"text-align: center;\">(Cliqueu a l&#8217;imatge per a veure el v\u00eddeo)<\/p>\n<p>&nbsp;<\/p>\n","protected":false},"excerpt":{"rendered":"<p>Fam\u00edlies !!<br \/>\nEls i les alumnes de 4t tenim l&#8217;honor de presentar-vos el nostre v\u00eddeo de El Gran Recapte; fet amb molt de carinyo i esfor\u00e7 a l&#8217;escola.<br \/>\nEstem molt contents d&#8217;explicar-vos en qu\u00e8 consisteix El Gran Recapte i qu\u00e8 podeu fer per col\u00b7laborar en la campanya&hellip;  <a href=\"https:\/\/agora.xtec.cat\/esc-elpalau\/general\/4t-video-del-gran-recapte\/\" title=\"Read 4t. V\u00cdDEO DEL GRAN RECAPTE\">Llegeix m\u00e9s\u00bb<\/a><\/p>\n","protected":false},"author":30,"featured_media":0,"comment_status":"open","ping_status":"closed","sticky":false,"template":"","format":"standard","meta":{"_bbp_topic_count":0,"_bbp_reply_count":0,"_bbp_total_topic_count":0,"_bbp_total_reply_count":0,"_bbp_voice_count":0,"_bbp_anonymous_reply_count":0,"_bbp_topic_count_hidden":0,"_bbp_reply_count_hidden":0,"_bbp_forum_subforum_count":0,"footnotes":""},"categories":[11,1,4,5],"tags":[],"class_list":["post-2833","post","type-post","status-publish","format-standard","hentry","category-c-mitja","category-general","category-portada","category-primaria"],"post_mailing_queue_ids":[],"_links":{"self":[{"href":"https:\/\/agora.xtec.cat\/esc-elpalau\/wp-json\/wp\/v2\/posts\/2833","targetHints":{"allow":["GET"]}}],"collection":[{"href":"https:\/\/agora.xtec.cat\/esc-elpalau\/wp-json\/wp\/v2\/posts"}],"about":[{"href":"https:\/\/agora.xtec.cat\/esc-elpalau\/wp-json\/wp\/v2\/types\/post"}],"author":[{"embeddable":true,"href":"https:\/\/agora.xtec.cat\/esc-elpalau\/wp-json\/wp\/v2\/users\/30"}],"replies":[{"embeddable":true,"href":"https:\/\/agora.xtec.cat\/esc-elpalau\/wp-json\/wp\/v2\/comments?post=2833"}],"version-history":[{"count":3,"href":"https:\/\/agora.xtec.cat\/esc-elpalau\/wp-json\/wp\/v2\/posts\/2833\/revisions"}],"predecessor-version":[{"id":2837,"href":"https:\/\/agora.xtec.cat\/esc-elpalau\/wp-json\/wp\/v2\/posts\/2833\/revisions\/2837"}],"wp:attachment":[{"href":"https:\/\/agora.xtec.cat\/esc-elpalau\/wp-json\/wp\/v2\/media?parent=2833"}],"wp:term":[{"taxonomy":"category","embeddable":true,"href":"https:\/\/agora.xtec.cat\/esc-elpalau\/wp-json\/wp\/v2\/categories?post=2833"},{"taxonomy":"post_tag","embeddable":true,"href":"https:\/\/agora.xtec.cat\/esc-elpalau\/wp-json\/wp\/v2\/tags?post=2833"}],"curies":[{"name":"wp","href":"https:\/\/api.w.org\/{rel}","templated":true}]}}