{"id":2741,"date":"2022-02-11T11:20:32","date_gmt":"2022-02-11T10:20:32","guid":{"rendered":"https:\/\/agora.xtec.cat\/esc-elpalau\/?p=2741"},"modified":"2022-02-17T11:31:43","modified_gmt":"2022-02-17T10:31:43","slug":"a-4rt-creem-un-nou-espai-de-podcast","status":"publish","type":"post","link":"https:\/\/agora.xtec.cat\/esc-elpalau\/general\/a-4rt-creem-un-nou-espai-de-podcast\/","title":{"rendered":"Els alumnes de 4t us ofereixen un podcast nou cada divendres"},"content":{"rendered":"<p><a href=\"https:\/\/agora.xtec.cat\/esc-elpalau\/wp-content\/uploads\/usu1480\/2021\/11\/IMG_20211104_105411477.jpg\"><img loading=\"lazy\" decoding=\"async\" class=\"wp-image-2742 aligncenter\" src=\"https:\/\/agora.xtec.cat\/esc-elpalau\/wp-content\/uploads\/usu1480\/2021\/11\/IMG_20211104_105411477.jpg\" alt=\"\" width=\"477\" height=\"307\" srcset=\"https:\/\/agora.xtec.cat\/esc-elpalau\/wp-content\/uploads\/usu1480\/2021\/11\/IMG_20211104_105411477.jpg 928w, https:\/\/agora.xtec.cat\/esc-elpalau\/wp-content\/uploads\/usu1480\/2021\/11\/IMG_20211104_105411477-300x193.jpg 300w, https:\/\/agora.xtec.cat\/esc-elpalau\/wp-content\/uploads\/usu1480\/2021\/11\/IMG_20211104_105411477-768x494.jpg 768w\" sizes=\"auto, (max-width: 477px) 100vw, 477px\" \/><\/a><\/p>\n<p>Els nens i nenes de 4rt inicien un nou projecte: &#8220;Fem de reporters&#8221;. Una aventura en la que treballarem l&#8217;expressi\u00f3 oral a trav\u00e9s de la creaci\u00f3 de podcasts on ells i elles explicaran all\u00f2 que passa a l&#8217;escola: sortides, projectes, festes, esdeveniments importants, etc.<\/p>\n<p>Els i les alumnes seran els protagonistes: pensaran i escriuran el contingut, gravaran i poc a poc aprendran a editar les seves produccions. Aquest projecte els permetr\u00e0 practicar l&#8217;exposici\u00f3 oral, els ajudar\u00e0 a agafar confian\u00e7a en si mateixos i fer de tot el proc\u00e9s un aprenentatge significatiu, que de ben segur recordaran durant molt temps. Tots els pares i mares de l&#8217;escola els podran escolar i sabran de la vida a les aules gr\u00e0cies a les seves produccions.<\/p>\n<p>Es far\u00e0 un programa setmanal que enlla\u00e7arem cada divendres. A continuaci\u00f3 us enllacem el primer:<\/p>\n<p><strong>Podcast 1<\/strong> 4\/11\/21: <strong>La Castanyada<\/strong><\/p>\n<!--[if lt IE 9]><script>document.createElement('audio');<\/script><![endif]-->\n<audio class=\"wp-audio-shortcode\" id=\"audio-2741-1\" preload=\"none\" style=\"width: 100%;\" controls=\"controls\"><source type=\"audio\/mpeg\" src=\"https:\/\/agora.xtec.cat\/esc-elpalau\/wp-content\/uploads\/usu1480\/2021\/11\/PODCAST-1.mp3?_=1\" \/><a href=\"https:\/\/agora.xtec.cat\/esc-elpalau\/wp-content\/uploads\/usu1480\/2021\/11\/PODCAST-1.mp3\">https:\/\/agora.xtec.cat\/esc-elpalau\/wp-content\/uploads\/usu1480\/2021\/11\/PODCAST-1.mp3<\/a><\/audio>\n<p><strong>Podcast 2<\/strong>. 12\/11\/21. <strong>L&#8217;hort de l&#8217;escola<\/strong><\/p>\n<audio class=\"wp-audio-shortcode\" id=\"audio-2741-2\" preload=\"none\" style=\"width: 100%;\" controls=\"controls\"><source type=\"audio\/mpeg\" src=\"https:\/\/agora.xtec.cat\/esc-elpalau\/wp-content\/uploads\/usu1480\/2021\/11\/PODCAST-Palau-2.mp3?_=2\" \/><a href=\"https:\/\/agora.xtec.cat\/esc-elpalau\/wp-content\/uploads\/usu1480\/2021\/11\/PODCAST-Palau-2.mp3\">https:\/\/agora.xtec.cat\/esc-elpalau\/wp-content\/uploads\/usu1480\/2021\/11\/PODCAST-Palau-2.mp3<\/a><\/audio>\n<p><strong>Podcast 3. <\/strong>19\/11\/21. <strong>El Gran Recapte<\/strong><\/p>\n<audio class=\"wp-audio-shortcode\" id=\"audio-2741-3\" preload=\"none\" style=\"width: 100%;\" controls=\"controls\"><source type=\"audio\/mpeg\" src=\"https:\/\/agora.xtec.cat\/esc-elpalau\/wp-content\/uploads\/usu1480\/2021\/11\/PODCAST_GRAN_RECAPTE_-online-audio-converter.com_.mp3?_=3\" \/><a href=\"https:\/\/agora.xtec.cat\/esc-elpalau\/wp-content\/uploads\/usu1480\/2021\/11\/PODCAST_GRAN_RECAPTE_-online-audio-converter.com_.mp3\">https:\/\/agora.xtec.cat\/esc-elpalau\/wp-content\/uploads\/usu1480\/2021\/11\/PODCAST_GRAN_RECAPTE_-online-audio-converter.com_.mp3<\/a><\/audio>\n<p><strong>Podcast 4.<\/strong> 26\/11\/2021. <strong>Entrevista als alumnes de 6\u00e9. Compartim Ci\u00e8ncia<\/strong><\/p>\n<audio class=\"wp-audio-shortcode\" id=\"audio-2741-4\" preload=\"none\" style=\"width: 100%;\" controls=\"controls\"><source type=\"audio\/mpeg\" src=\"https:\/\/agora.xtec.cat\/esc-elpalau\/wp-content\/uploads\/usu1480\/2021\/11\/PODCAST_26_11_2021.mp3?_=4\" \/><a href=\"https:\/\/agora.xtec.cat\/esc-elpalau\/wp-content\/uploads\/usu1480\/2021\/11\/PODCAST_26_11_2021.mp3\">https:\/\/agora.xtec.cat\/esc-elpalau\/wp-content\/uploads\/usu1480\/2021\/11\/PODCAST_26_11_2021.mp3<\/a><\/audio>\n<p><strong>Podcast 5<\/strong>. 3\/12\/2021. <strong>Celebrem Santa Cecilia a l&#8217;escola.<\/strong><\/p>\n<audio class=\"wp-audio-shortcode\" id=\"audio-2741-5\" preload=\"none\" style=\"width: 100%;\" controls=\"controls\"><source type=\"audio\/mpeg\" src=\"https:\/\/agora.xtec.cat\/esc-elpalau\/wp-content\/uploads\/usu1480\/2021\/11\/3_12_2021.mp3?_=5\" \/><a href=\"https:\/\/agora.xtec.cat\/esc-elpalau\/wp-content\/uploads\/usu1480\/2021\/11\/3_12_2021.mp3\">https:\/\/agora.xtec.cat\/esc-elpalau\/wp-content\/uploads\/usu1480\/2021\/11\/3_12_2021.mp3<\/a><\/audio>\n<p><strong>Podcast 6.<\/strong> 17\/12\/2021. <strong>S&#8217;acaba el projecte del Gran Recapte.<\/strong><\/p>\n<audio class=\"wp-audio-shortcode\" id=\"audio-2741-6\" preload=\"none\" style=\"width: 100%;\" controls=\"controls\"><source type=\"audio\/mpeg\" src=\"https:\/\/agora.xtec.cat\/esc-elpalau\/wp-content\/uploads\/usu1480\/2021\/12\/podcast_6.mp3?_=6\" \/><a href=\"https:\/\/agora.xtec.cat\/esc-elpalau\/wp-content\/uploads\/usu1480\/2021\/12\/podcast_6.mp3\">https:\/\/agora.xtec.cat\/esc-elpalau\/wp-content\/uploads\/usu1480\/2021\/12\/podcast_6.mp3<\/a><\/audio>\n<p><strong>Podcast 7.<\/strong> 17\/12\/2021. <strong>Celebrem el Nadal a l&#8217;escola.<\/strong><\/p>\n<audio class=\"wp-audio-shortcode\" id=\"audio-2741-7\" preload=\"none\" style=\"width: 100%;\" controls=\"controls\"><source type=\"audio\/mpeg\" src=\"https:\/\/agora.xtec.cat\/esc-elpalau\/wp-content\/uploads\/usu1480\/2021\/12\/podcast_7.mp3?_=7\" \/><a href=\"https:\/\/agora.xtec.cat\/esc-elpalau\/wp-content\/uploads\/usu1480\/2021\/12\/podcast_7.mp3\">https:\/\/agora.xtec.cat\/esc-elpalau\/wp-content\/uploads\/usu1480\/2021\/12\/podcast_7.mp3<\/a><\/audio>\n<p><strong>Podcast 8. <\/strong>14\/01\/2022. <strong>Altres tradicions dels alumnes.<\/strong><\/p>\n<audio class=\"wp-audio-shortcode\" id=\"audio-2741-8\" preload=\"none\" style=\"width: 100%;\" controls=\"controls\"><source type=\"audio\/mpeg\" src=\"https:\/\/agora.xtec.cat\/esc-elpalau\/wp-content\/uploads\/usu1480\/2021\/12\/podcast_8.mp3?_=8\" \/><a href=\"https:\/\/agora.xtec.cat\/esc-elpalau\/wp-content\/uploads\/usu1480\/2021\/12\/podcast_8.mp3\">https:\/\/agora.xtec.cat\/esc-elpalau\/wp-content\/uploads\/usu1480\/2021\/12\/podcast_8.mp3<\/a><\/audio>\n<p><strong>Podcast 9.<\/strong> 11\/02\/22. <strong>El tallers tecnol\u00f2gics a l&#8217;escola.<\/strong><\/p>\n<audio class=\"wp-audio-shortcode\" id=\"audio-2741-9\" preload=\"none\" style=\"width: 100%;\" controls=\"controls\"><source type=\"audio\/mpeg\" src=\"https:\/\/agora.xtec.cat\/esc-elpalau\/wp-content\/uploads\/usu1480\/2022\/01\/podcast_9.mp3?_=9\" \/><a href=\"https:\/\/agora.xtec.cat\/esc-elpalau\/wp-content\/uploads\/usu1480\/2022\/01\/podcast_9.mp3\">https:\/\/agora.xtec.cat\/esc-elpalau\/wp-content\/uploads\/usu1480\/2022\/01\/podcast_9.mp3<\/a><\/audio>\n<p>Esperem que ho gaudiu.<\/p>\n<p>&nbsp;<\/p>\n<p>&nbsp;<\/p>\n","protected":false},"excerpt":{"rendered":"<p><a href=\"https:\/\/agora.xtec.cat\/esc-elpalau\/wp-content\/uploads\/usu1480\/2021\/11\/IMG_20211104_105411477.jpg\"><\/a><br \/>\nEls nens i nenes de 4rt inicien un nou projecte: &#8220;Fem de reporters&#8221;. Una aventura en la que treballarem l&#8217;expressi\u00f3 oral a trav\u00e9s de la creaci\u00f3 de podcasts on ells i elles explicaran all\u00f2 que passa a l&#8217;escola: sortides, projectes, festes, esdeveniments importants, etc.<br \/>\nEls&hellip;  <a href=\"https:\/\/agora.xtec.cat\/esc-elpalau\/general\/a-4rt-creem-un-nou-espai-de-podcast\/\" title=\"Read Els alumnes de 4t us ofereixen un podcast nou cada divendres\">Llegeix m\u00e9s\u00bb<\/a><\/p>\n","protected":false},"author":22,"featured_media":0,"comment_status":"open","ping_status":"closed","sticky":false,"template":"","format":"standard","meta":{"_bbp_topic_count":0,"_bbp_reply_count":0,"_bbp_total_topic_count":0,"_bbp_total_reply_count":0,"_bbp_voice_count":0,"_bbp_anonymous_reply_count":0,"_bbp_topic_count_hidden":0,"_bbp_reply_count_hidden":0,"_bbp_forum_subforum_count":0,"footnotes":""},"categories":[11,156,1,5],"tags":[],"class_list":["post-2741","post","type-post","status-publish","format-standard","hentry","category-c-mitja","category-podcast-c-mitja","category-general","category-primaria"],"post_mailing_queue_ids":[],"_links":{"self":[{"href":"https:\/\/agora.xtec.cat\/esc-elpalau\/wp-json\/wp\/v2\/posts\/2741","targetHints":{"allow":["GET"]}}],"collection":[{"href":"https:\/\/agora.xtec.cat\/esc-elpalau\/wp-json\/wp\/v2\/posts"}],"about":[{"href":"https:\/\/agora.xtec.cat\/esc-elpalau\/wp-json\/wp\/v2\/types\/post"}],"author":[{"embeddable":true,"href":"https:\/\/agora.xtec.cat\/esc-elpalau\/wp-json\/wp\/v2\/users\/22"}],"replies":[{"embeddable":true,"href":"https:\/\/agora.xtec.cat\/esc-elpalau\/wp-json\/wp\/v2\/comments?post=2741"}],"version-history":[{"count":4,"href":"https:\/\/agora.xtec.cat\/esc-elpalau\/wp-json\/wp\/v2\/posts\/2741\/revisions"}],"predecessor-version":[{"id":3000,"href":"https:\/\/agora.xtec.cat\/esc-elpalau\/wp-json\/wp\/v2\/posts\/2741\/revisions\/3000"}],"wp:attachment":[{"href":"https:\/\/agora.xtec.cat\/esc-elpalau\/wp-json\/wp\/v2\/media?parent=2741"}],"wp:term":[{"taxonomy":"category","embeddable":true,"href":"https:\/\/agora.xtec.cat\/esc-elpalau\/wp-json\/wp\/v2\/categories?post=2741"},{"taxonomy":"post_tag","embeddable":true,"href":"https:\/\/agora.xtec.cat\/esc-elpalau\/wp-json\/wp\/v2\/tags?post=2741"}],"curies":[{"name":"wp","href":"https:\/\/api.w.org\/{rel}","templated":true}]}}