{"id":2569,"date":"2021-05-20T11:33:07","date_gmt":"2021-05-20T09:33:07","guid":{"rendered":"http:\/\/agora.xtec.cat\/esc-elpalau\/?p=2569"},"modified":"2021-05-20T11:33:07","modified_gmt":"2021-05-20T09:33:07","slug":"pintura-al-natural","status":"publish","type":"post","link":"https:\/\/agora.xtec.cat\/esc-elpalau\/infantil\/pintura-al-natural\/","title":{"rendered":"PINTURA AL NATURAL"},"content":{"rendered":"<p>Durant aquesta setmana la classe de P-5 hem fet un treball d&#8217;observaci\u00f3 de plantes amb flor per despr\u00e9s plasmar-ho en un paper. Ens ha agradat molt aquesta experi\u00e8ncia i els nostres dibuixos finals han estat molt bonics, per aix\u00f2 volem compartir amb vosaltres la nostra viv\u00e8ncia:<\/p>\n<p><iframe loading=\"lazy\" width=\"560\" height=\"315\" src=\"https:\/\/www.youtube.com\/embed\/wxSmxM5oV-Y\" title=\"YouTube video player\" frameborder=\"0\"><\/iframe><\/p>\n","protected":false},"excerpt":{"rendered":"<p>Durant aquesta setmana la classe de P-5 hem fet un treball d&#8217;observaci\u00f3 de plantes amb flor per despr\u00e9s plasmar-ho en un paper. Ens ha agradat molt aquesta experi\u00e8ncia i els nostres dibuixos finals han estat molt bonics, per aix\u00f2 volem compartir amb vosaltres la nostra&hellip;  <a href=\"https:\/\/agora.xtec.cat\/esc-elpalau\/infantil\/pintura-al-natural\/\" title=\"Read PINTURA AL NATURAL\">Llegeix m\u00e9s\u00bb<\/a><\/p>\n","protected":false},"author":18,"featured_media":2571,"comment_status":"open","ping_status":"closed","sticky":false,"template":"","format":"standard","meta":{"_bbp_topic_count":0,"_bbp_reply_count":0,"_bbp_total_topic_count":0,"_bbp_total_reply_count":0,"_bbp_voice_count":0,"_bbp_anonymous_reply_count":0,"_bbp_topic_count_hidden":0,"_bbp_reply_count_hidden":0,"_bbp_forum_subforum_count":0,"footnotes":""},"categories":[2],"tags":[],"class_list":["post-2569","post","type-post","status-publish","format-standard","has-post-thumbnail","hentry","category-infantil"],"post_mailing_queue_ids":[],"_links":{"self":[{"href":"https:\/\/agora.xtec.cat\/esc-elpalau\/wp-json\/wp\/v2\/posts\/2569","targetHints":{"allow":["GET"]}}],"collection":[{"href":"https:\/\/agora.xtec.cat\/esc-elpalau\/wp-json\/wp\/v2\/posts"}],"about":[{"href":"https:\/\/agora.xtec.cat\/esc-elpalau\/wp-json\/wp\/v2\/types\/post"}],"author":[{"embeddable":true,"href":"https:\/\/agora.xtec.cat\/esc-elpalau\/wp-json\/wp\/v2\/users\/18"}],"replies":[{"embeddable":true,"href":"https:\/\/agora.xtec.cat\/esc-elpalau\/wp-json\/wp\/v2\/comments?post=2569"}],"version-history":[{"count":1,"href":"https:\/\/agora.xtec.cat\/esc-elpalau\/wp-json\/wp\/v2\/posts\/2569\/revisions"}],"predecessor-version":[{"id":2570,"href":"https:\/\/agora.xtec.cat\/esc-elpalau\/wp-json\/wp\/v2\/posts\/2569\/revisions\/2570"}],"wp:featuredmedia":[{"embeddable":true,"href":"https:\/\/agora.xtec.cat\/esc-elpalau\/wp-json\/wp\/v2\/media\/2571"}],"wp:attachment":[{"href":"https:\/\/agora.xtec.cat\/esc-elpalau\/wp-json\/wp\/v2\/media?parent=2569"}],"wp:term":[{"taxonomy":"category","embeddable":true,"href":"https:\/\/agora.xtec.cat\/esc-elpalau\/wp-json\/wp\/v2\/categories?post=2569"},{"taxonomy":"post_tag","embeddable":true,"href":"https:\/\/agora.xtec.cat\/esc-elpalau\/wp-json\/wp\/v2\/tags?post=2569"}],"curies":[{"name":"wp","href":"https:\/\/api.w.org\/{rel}","templated":true}]}}