{"id":2489,"date":"2021-03-22T19:51:46","date_gmt":"2021-03-22T18:51:46","guid":{"rendered":"http:\/\/agora.xtec.cat\/esc-elpalau\/?p=2489"},"modified":"2021-03-22T19:53:05","modified_gmt":"2021-03-22T18:53:05","slug":"les-coses-que-sen-van","status":"publish","type":"post","link":"https:\/\/agora.xtec.cat\/esc-elpalau\/general\/les-coses-que-sen-van\/","title":{"rendered":"Les coses que se&#8217;n van"},"content":{"rendered":"<p><strong><em>Les coses que se&#8217;n van\u00a0<\/em><\/strong>\u00e9s un llibre de Beatrice Alemagna publicat per l&#8217;editorial Combel.<\/p>\n<p>L&#8217;autora hi escriu una dedicatoria: <em>&#8220;Per a qui pensi que tot desapareix&#8221;<\/em> i enceta, aix\u00ed, un recorregut per diferents situacions de la vida que ens s\u00f3n properes, molt conegudes.<\/p>\n<p><strong>Les coses que se&#8217;n van<\/strong> \u00e9s un llibre d&#8217;un gran contingut po\u00e8tic. Art\u00edstic, ple de bellesa i que ens convida a pensar&#8230;<\/p>\n<blockquote><p>&#8220;<em>A la vida hi ha moltes coses que se&#8217;n van. <\/em><em>Que es transformen, que passen. Totes menys una.&#8221;<\/em><\/p><\/blockquote>\n<p>No vols saber quina \u00e9s?<\/p>\n<p><iframe loading=\"lazy\" title=\"LES COSES QUE SE&#039;N VAN\" width=\"500\" height=\"375\" src=\"https:\/\/www.youtube.com\/embed\/nqjI83DV9cM?feature=oembed\" frameborder=\"0\" allow=\"accelerometer; autoplay; clipboard-write; encrypted-media; gyroscope; picture-in-picture; web-share\" referrerpolicy=\"strict-origin-when-cross-origin\" allowfullscreen><\/iframe><\/p>\n","protected":false},"excerpt":{"rendered":"<p>Les coses que se&#8217;n van\u00a0\u00e9s un llibre de Beatrice Alemagna publicat per l&#8217;editorial Combel.<br \/>\nL&#8217;autora hi escriu una dedicatoria: &#8220;Per a qui pensi que tot desapareix&#8221; i enceta, aix\u00ed, un recorregut per diferents situacions de la vida que ens s\u00f3n properes, molt conegudes.<br \/>\nLes coses que se&#8217;n&hellip;  <a href=\"https:\/\/agora.xtec.cat\/esc-elpalau\/general\/les-coses-que-sen-van\/\" title=\"Read Les coses que se&#8217;n van\">Llegeix m\u00e9s\u00bb<\/a><\/p>\n","protected":false},"author":1,"featured_media":0,"comment_status":"open","ping_status":"closed","sticky":false,"template":"","format":"standard","meta":{"_bbp_topic_count":0,"_bbp_reply_count":0,"_bbp_total_topic_count":0,"_bbp_total_reply_count":0,"_bbp_voice_count":0,"_bbp_anonymous_reply_count":0,"_bbp_topic_count_hidden":0,"_bbp_reply_count_hidden":0,"_bbp_forum_subforum_count":0,"footnotes":""},"categories":[128,1],"tags":[],"class_list":["post-2489","post","type-post","status-publish","format-standard","hentry","category-biblioteca","category-general"],"post_mailing_queue_ids":[],"_links":{"self":[{"href":"https:\/\/agora.xtec.cat\/esc-elpalau\/wp-json\/wp\/v2\/posts\/2489","targetHints":{"allow":["GET"]}}],"collection":[{"href":"https:\/\/agora.xtec.cat\/esc-elpalau\/wp-json\/wp\/v2\/posts"}],"about":[{"href":"https:\/\/agora.xtec.cat\/esc-elpalau\/wp-json\/wp\/v2\/types\/post"}],"author":[{"embeddable":true,"href":"https:\/\/agora.xtec.cat\/esc-elpalau\/wp-json\/wp\/v2\/users\/1"}],"replies":[{"embeddable":true,"href":"https:\/\/agora.xtec.cat\/esc-elpalau\/wp-json\/wp\/v2\/comments?post=2489"}],"version-history":[{"count":3,"href":"https:\/\/agora.xtec.cat\/esc-elpalau\/wp-json\/wp\/v2\/posts\/2489\/revisions"}],"predecessor-version":[{"id":2492,"href":"https:\/\/agora.xtec.cat\/esc-elpalau\/wp-json\/wp\/v2\/posts\/2489\/revisions\/2492"}],"wp:attachment":[{"href":"https:\/\/agora.xtec.cat\/esc-elpalau\/wp-json\/wp\/v2\/media?parent=2489"}],"wp:term":[{"taxonomy":"category","embeddable":true,"href":"https:\/\/agora.xtec.cat\/esc-elpalau\/wp-json\/wp\/v2\/categories?post=2489"},{"taxonomy":"post_tag","embeddable":true,"href":"https:\/\/agora.xtec.cat\/esc-elpalau\/wp-json\/wp\/v2\/tags?post=2489"}],"curies":[{"name":"wp","href":"https:\/\/api.w.org\/{rel}","templated":true}]}}