{"id":2432,"date":"2021-03-04T21:27:33","date_gmt":"2021-03-04T20:27:33","guid":{"rendered":"http:\/\/agora.xtec.cat\/esc-elpalau\/?p=2432"},"modified":"2021-03-04T21:27:33","modified_gmt":"2021-03-04T20:27:33","slug":"casa-seva-casa-nostra-casa-de-tots","status":"publish","type":"post","link":"https:\/\/agora.xtec.cat\/esc-elpalau\/general\/biblioteca\/casa-seva-casa-nostra-casa-de-tots\/","title":{"rendered":"Casa seva, casa nostra, casa de tots!"},"content":{"rendered":"<p>La Terra<\/p>\n<p>El nostre planeta est\u00e0 en perill i els ossos polars b\u00e9 que ho saben! Per\u00f2, i nosaltres? .<\/p>\n<p>Gaudint del conte &#8220;Quan el gla\u00e7 es fon&#8221;<\/p>\n<p><a href=\"https:\/\/agora.xtec.cat\/esc-elpalau\/wp-content\/uploads\/usu1480\/2021\/03\/quan-el-gla\u00e7-1.jpg\"><img loading=\"lazy\" decoding=\"async\" class=\"wp-image-2433 aligncenter\" src=\"https:\/\/agora.xtec.cat\/esc-elpalau\/wp-content\/uploads\/usu1480\/2021\/03\/quan-el-gla\u00e7-1-1024x1024.jpg\" alt=\"\" width=\"362\" height=\"362\" srcset=\"https:\/\/agora.xtec.cat\/esc-elpalau\/wp-content\/uploads\/usu1480\/2021\/03\/quan-el-gla\u00e7-1-1024x1024.jpg 1024w, https:\/\/agora.xtec.cat\/esc-elpalau\/wp-content\/uploads\/usu1480\/2021\/03\/quan-el-gla\u00e7-1-150x150.jpg 150w, https:\/\/agora.xtec.cat\/esc-elpalau\/wp-content\/uploads\/usu1480\/2021\/03\/quan-el-gla\u00e7-1-300x300.jpg 300w, https:\/\/agora.xtec.cat\/esc-elpalau\/wp-content\/uploads\/usu1480\/2021\/03\/quan-el-gla\u00e7-1-768x768.jpg 768w, https:\/\/agora.xtec.cat\/esc-elpalau\/wp-content\/uploads\/usu1480\/2021\/03\/quan-el-gla\u00e7-1.jpg 1564w\" sizes=\"auto, (max-width: 362px) 100vw, 362px\" \/><\/a><\/p>\n<p>Hem apr\u00e9s molt dels llibres que ens parlen de natura, de problemes i solucions, de respecte i de cura de la nostra preciosa Terra!!!<\/p>\n<p><a href=\"https:\/\/agora.xtec.cat\/esc-elpalau\/wp-content\/uploads\/usu1480\/2021\/03\/quanelgla\u00e73.jpg\"><img loading=\"lazy\" decoding=\"async\" class=\"wp-image-2434 aligncenter\" src=\"https:\/\/agora.xtec.cat\/esc-elpalau\/wp-content\/uploads\/usu1480\/2021\/03\/quanelgla\u00e73-1024x1024.jpg\" alt=\"\" width=\"358\" height=\"358\" srcset=\"https:\/\/agora.xtec.cat\/esc-elpalau\/wp-content\/uploads\/usu1480\/2021\/03\/quanelgla\u00e73-1024x1024.jpg 1024w, https:\/\/agora.xtec.cat\/esc-elpalau\/wp-content\/uploads\/usu1480\/2021\/03\/quanelgla\u00e73-150x150.jpg 150w, https:\/\/agora.xtec.cat\/esc-elpalau\/wp-content\/uploads\/usu1480\/2021\/03\/quanelgla\u00e73-300x300.jpg 300w, https:\/\/agora.xtec.cat\/esc-elpalau\/wp-content\/uploads\/usu1480\/2021\/03\/quanelgla\u00e73-768x768.jpg 768w, https:\/\/agora.xtec.cat\/esc-elpalau\/wp-content\/uploads\/usu1480\/2021\/03\/quanelgla\u00e73.jpg 1564w\" sizes=\"auto, (max-width: 358px) 100vw, 358px\" \/><\/a><\/p>\n<p>I hem experimentat amb diversos materials per fer neu artificial, per construir h\u00e0bitats.<\/p>\n<p>Per\u00f2 sobretot hem apr\u00e9s que vivim en un planeta magn\u00edfic, la nostra Terra!!!<\/p>\n<p><a href=\"https:\/\/agora.xtec.cat\/esc-elpalau\/wp-content\/uploads\/usu1480\/2021\/03\/quanelglac4.jpg\"><img loading=\"lazy\" decoding=\"async\" class=\" wp-image-2435 aligncenter\" src=\"https:\/\/agora.xtec.cat\/esc-elpalau\/wp-content\/uploads\/usu1480\/2021\/03\/quanelglac4-1024x1024.jpg\" alt=\"\" width=\"371\" height=\"371\" srcset=\"https:\/\/agora.xtec.cat\/esc-elpalau\/wp-content\/uploads\/usu1480\/2021\/03\/quanelglac4-1024x1024.jpg 1024w, https:\/\/agora.xtec.cat\/esc-elpalau\/wp-content\/uploads\/usu1480\/2021\/03\/quanelglac4-150x150.jpg 150w, https:\/\/agora.xtec.cat\/esc-elpalau\/wp-content\/uploads\/usu1480\/2021\/03\/quanelglac4-300x300.jpg 300w, https:\/\/agora.xtec.cat\/esc-elpalau\/wp-content\/uploads\/usu1480\/2021\/03\/quanelglac4-768x768.jpg 768w, https:\/\/agora.xtec.cat\/esc-elpalau\/wp-content\/uploads\/usu1480\/2021\/03\/quanelglac4.jpg 1564w\" sizes=\"auto, (max-width: 371px) 100vw, 371px\" \/><\/a><\/p>\n","protected":false},"excerpt":{"rendered":"<p>La Terra<br \/>\nEl nostre planeta est\u00e0 en perill i els ossos polars b\u00e9 que ho saben! Per\u00f2, i nosaltres? .<br \/>\nGaudint del conte &#8220;Quan el gla\u00e7 es fon&#8221;<br \/>\n<a href=\"https:\/\/agora.xtec.cat\/esc-elpalau\/wp-content\/uploads\/usu1480\/2021\/03\/quan-el-gla\u00e7-1.jpg\"><\/a><br \/>\nHem apr\u00e9s molt dels llibres que ens parlen de natura, de problemes i solucions, de respecte i de cura&hellip;  <a href=\"https:\/\/agora.xtec.cat\/esc-elpalau\/general\/biblioteca\/casa-seva-casa-nostra-casa-de-tots\/\" title=\"Read Casa seva, casa nostra, casa de tots!\">Llegeix m\u00e9s\u00bb<\/a><\/p>\n","protected":false},"author":1,"featured_media":0,"comment_status":"open","ping_status":"closed","sticky":false,"template":"","format":"standard","meta":{"_bbp_topic_count":0,"_bbp_reply_count":0,"_bbp_total_topic_count":0,"_bbp_total_reply_count":0,"_bbp_voice_count":0,"_bbp_anonymous_reply_count":0,"_bbp_topic_count_hidden":0,"_bbp_reply_count_hidden":0,"_bbp_forum_subforum_count":0,"footnotes":""},"categories":[128],"tags":[],"class_list":["post-2432","post","type-post","status-publish","format-standard","hentry","category-biblioteca"],"post_mailing_queue_ids":[],"_links":{"self":[{"href":"https:\/\/agora.xtec.cat\/esc-elpalau\/wp-json\/wp\/v2\/posts\/2432","targetHints":{"allow":["GET"]}}],"collection":[{"href":"https:\/\/agora.xtec.cat\/esc-elpalau\/wp-json\/wp\/v2\/posts"}],"about":[{"href":"https:\/\/agora.xtec.cat\/esc-elpalau\/wp-json\/wp\/v2\/types\/post"}],"author":[{"embeddable":true,"href":"https:\/\/agora.xtec.cat\/esc-elpalau\/wp-json\/wp\/v2\/users\/1"}],"replies":[{"embeddable":true,"href":"https:\/\/agora.xtec.cat\/esc-elpalau\/wp-json\/wp\/v2\/comments?post=2432"}],"version-history":[{"count":1,"href":"https:\/\/agora.xtec.cat\/esc-elpalau\/wp-json\/wp\/v2\/posts\/2432\/revisions"}],"predecessor-version":[{"id":2436,"href":"https:\/\/agora.xtec.cat\/esc-elpalau\/wp-json\/wp\/v2\/posts\/2432\/revisions\/2436"}],"wp:attachment":[{"href":"https:\/\/agora.xtec.cat\/esc-elpalau\/wp-json\/wp\/v2\/media?parent=2432"}],"wp:term":[{"taxonomy":"category","embeddable":true,"href":"https:\/\/agora.xtec.cat\/esc-elpalau\/wp-json\/wp\/v2\/categories?post=2432"},{"taxonomy":"post_tag","embeddable":true,"href":"https:\/\/agora.xtec.cat\/esc-elpalau\/wp-json\/wp\/v2\/tags?post=2432"}],"curies":[{"name":"wp","href":"https:\/\/api.w.org\/{rel}","templated":true}]}}