{"id":2382,"date":"2021-02-23T16:52:55","date_gmt":"2021-02-23T15:52:55","guid":{"rendered":"http:\/\/agora.xtec.cat\/esc-elpalau\/?p=2382"},"modified":"2021-02-23T17:03:21","modified_gmt":"2021-02-23T16:03:21","slug":"aranyes-de-louise-bourgeois","status":"publish","type":"post","link":"https:\/\/agora.xtec.cat\/esc-elpalau\/portada\/aranyes-de-louise-bourgeois\/","title":{"rendered":"Aranyes de Louise Bourgeois"},"content":{"rendered":"<div><\/div>\n<div>\n<p><iframe loading=\"lazy\" title=\"Aranyes\" width=\"500\" height=\"281\" src=\"https:\/\/www.youtube.com\/embed\/58RCz-xz-Qk?feature=oembed\" frameborder=\"0\" allow=\"accelerometer; autoplay; clipboard-write; encrypted-media; gyroscope; picture-in-picture; web-share\" referrerpolicy=\"strict-origin-when-cross-origin\" allowfullscreen><\/iframe><\/p>\n<\/div>\n<div><\/div>\n<h6>Els nens i les nenes del cicle mitj\u00e0 hem estat treballant artistes i moviments art\u00edstics molt interessants durant les sessions d&#8217;Arts &amp; Crafts.<\/h6>\n<h6>Hem parlat sobre l&#8217;artista Louise Bourgeois i la seva obra &#8220;Maman&#8221;, amb la que fa refer\u00e8ncia a la seva vida.<\/h6>\n<h6>Louise constru\u00efa aranyes per simbolitzar la figura de la seva mare, ja que la seva feina era teixir i era una persona que li donava protecci\u00f3, igual que l&#8217;insecte que fa teranyines i ens protegeix dels mosquits.<\/h6>\n<h6>El seu art \u00e9s autobiogr\u00e0fic i gr\u00e0cies a ell ens explica la seva vida.<\/h6>\n<h6>Per aix\u00f2 ens hem basat en les seves escultures d&#8217;aranyes i les hem interpretat amb material t\u00e8xtil.<\/h6>\n<p>&nbsp;<\/p>\n","protected":false},"excerpt":{"rendered":"<p>Els nens i les nenes del cicle mitj\u00e0 hem estat treballant artistes i moviments art\u00edstics molt interessants durant les sessions d&#8217;Arts &amp; Crafts.<br \/>\nHem parlat sobre l&#8217;artista Louise Bourgeois i la seva obra &#8220;Maman&#8221;, amb la que fa refer\u00e8ncia a la seva vida.<br \/>\nLouise constru\u00efa aranyes per&hellip;  <a href=\"https:\/\/agora.xtec.cat\/esc-elpalau\/portada\/aranyes-de-louise-bourgeois\/\" title=\"Read Aranyes de Louise Bourgeois\">Llegeix m\u00e9s\u00bb<\/a><\/p>\n","protected":false},"author":1,"featured_media":0,"comment_status":"open","ping_status":"closed","sticky":false,"template":"","format":"standard","meta":{"_bbp_topic_count":0,"_bbp_reply_count":0,"_bbp_total_topic_count":0,"_bbp_total_reply_count":0,"_bbp_voice_count":0,"_bbp_anonymous_reply_count":0,"_bbp_topic_count_hidden":0,"_bbp_reply_count_hidden":0,"_bbp_forum_subforum_count":0,"footnotes":""},"categories":[131,11,4,5],"tags":[],"class_list":["post-2382","post","type-post","status-publish","format-standard","hentry","category-art-and-bloc","category-c-mitja","category-portada","category-primaria"],"post_mailing_queue_ids":[],"_links":{"self":[{"href":"https:\/\/agora.xtec.cat\/esc-elpalau\/wp-json\/wp\/v2\/posts\/2382","targetHints":{"allow":["GET"]}}],"collection":[{"href":"https:\/\/agora.xtec.cat\/esc-elpalau\/wp-json\/wp\/v2\/posts"}],"about":[{"href":"https:\/\/agora.xtec.cat\/esc-elpalau\/wp-json\/wp\/v2\/types\/post"}],"author":[{"embeddable":true,"href":"https:\/\/agora.xtec.cat\/esc-elpalau\/wp-json\/wp\/v2\/users\/1"}],"replies":[{"embeddable":true,"href":"https:\/\/agora.xtec.cat\/esc-elpalau\/wp-json\/wp\/v2\/comments?post=2382"}],"version-history":[{"count":3,"href":"https:\/\/agora.xtec.cat\/esc-elpalau\/wp-json\/wp\/v2\/posts\/2382\/revisions"}],"predecessor-version":[{"id":2390,"href":"https:\/\/agora.xtec.cat\/esc-elpalau\/wp-json\/wp\/v2\/posts\/2382\/revisions\/2390"}],"wp:attachment":[{"href":"https:\/\/agora.xtec.cat\/esc-elpalau\/wp-json\/wp\/v2\/media?parent=2382"}],"wp:term":[{"taxonomy":"category","embeddable":true,"href":"https:\/\/agora.xtec.cat\/esc-elpalau\/wp-json\/wp\/v2\/categories?post=2382"},{"taxonomy":"post_tag","embeddable":true,"href":"https:\/\/agora.xtec.cat\/esc-elpalau\/wp-json\/wp\/v2\/tags?post=2382"}],"curies":[{"name":"wp","href":"https:\/\/api.w.org\/{rel}","templated":true}]}}