{"id":2349,"date":"2021-02-15T11:01:43","date_gmt":"2021-02-15T10:01:43","guid":{"rendered":"http:\/\/agora.xtec.cat\/esc-elpalau\/?p=2349"},"modified":"2021-02-15T11:02:48","modified_gmt":"2021-02-15T10:02:48","slug":"land-art-una-activitat-per-la-setmana-verda","status":"publish","type":"post","link":"https:\/\/agora.xtec.cat\/esc-elpalau\/infantil\/land-art-una-activitat-per-la-setmana-verda\/","title":{"rendered":"Land art. Una activitat per la setmana verda."},"content":{"rendered":"<p>Con\u00e8ixer i estimar la natura per tal de respectar-la.<br \/>\nLes nenes i nens de la classe de la Cuca fem una sortida al Parc de la Granja: hi ha natura dins la vila.<br \/>\nLand art, \u00e9s una corrent art\u00edstica que actua en la natura. Les escultures se sotmeten a transformacions, tant del temps com de l&#8217;acci\u00f3 humana.<br \/>\nVeiem escultures a les places: les estudiem i les gaudim.<br \/>\nConstru\u00efm les nostres, les fotografiem i les deixem perqu\u00e8 alg\u00fa les gaudeixi i canvi\u00efn.<\/p>\n<p>https:\/\/youtu.be\/wCE24VwAkNw<\/p>\n","protected":false},"excerpt":{"rendered":"<p>Con\u00e8ixer i estimar la natura per tal de respectar-la.<br \/>\nLes nenes i nens de la classe de la Cuca fem una sortida al Parc de la Granja: hi ha natura dins la vila.<br \/>\nLand art, \u00e9s una corrent art\u00edstica que actua en la natura. Les escultures se&hellip;  <a href=\"https:\/\/agora.xtec.cat\/esc-elpalau\/infantil\/land-art-una-activitat-per-la-setmana-verda\/\" title=\"Read Land art. Una activitat per la setmana verda.\">Llegeix m\u00e9s\u00bb<\/a><\/p>\n","protected":false},"author":1,"featured_media":2351,"comment_status":"open","ping_status":"closed","sticky":false,"template":"","format":"standard","meta":{"_bbp_topic_count":0,"_bbp_reply_count":0,"_bbp_total_topic_count":0,"_bbp_total_reply_count":0,"_bbp_voice_count":0,"_bbp_anonymous_reply_count":0,"_bbp_topic_count_hidden":0,"_bbp_reply_count_hidden":0,"_bbp_forum_subforum_count":0,"footnotes":""},"categories":[131,2],"tags":[],"class_list":["post-2349","post","type-post","status-publish","format-standard","has-post-thumbnail","hentry","category-art-and-bloc","category-infantil"],"post_mailing_queue_ids":[],"_links":{"self":[{"href":"https:\/\/agora.xtec.cat\/esc-elpalau\/wp-json\/wp\/v2\/posts\/2349","targetHints":{"allow":["GET"]}}],"collection":[{"href":"https:\/\/agora.xtec.cat\/esc-elpalau\/wp-json\/wp\/v2\/posts"}],"about":[{"href":"https:\/\/agora.xtec.cat\/esc-elpalau\/wp-json\/wp\/v2\/types\/post"}],"author":[{"embeddable":true,"href":"https:\/\/agora.xtec.cat\/esc-elpalau\/wp-json\/wp\/v2\/users\/1"}],"replies":[{"embeddable":true,"href":"https:\/\/agora.xtec.cat\/esc-elpalau\/wp-json\/wp\/v2\/comments?post=2349"}],"version-history":[{"count":1,"href":"https:\/\/agora.xtec.cat\/esc-elpalau\/wp-json\/wp\/v2\/posts\/2349\/revisions"}],"predecessor-version":[{"id":2350,"href":"https:\/\/agora.xtec.cat\/esc-elpalau\/wp-json\/wp\/v2\/posts\/2349\/revisions\/2350"}],"wp:featuredmedia":[{"embeddable":true,"href":"https:\/\/agora.xtec.cat\/esc-elpalau\/wp-json\/wp\/v2\/media\/2351"}],"wp:attachment":[{"href":"https:\/\/agora.xtec.cat\/esc-elpalau\/wp-json\/wp\/v2\/media?parent=2349"}],"wp:term":[{"taxonomy":"category","embeddable":true,"href":"https:\/\/agora.xtec.cat\/esc-elpalau\/wp-json\/wp\/v2\/categories?post=2349"},{"taxonomy":"post_tag","embeddable":true,"href":"https:\/\/agora.xtec.cat\/esc-elpalau\/wp-json\/wp\/v2\/tags?post=2349"}],"curies":[{"name":"wp","href":"https:\/\/api.w.org\/{rel}","templated":true}]}}