{"id":2337,"date":"2021-02-10T11:27:42","date_gmt":"2021-02-10T10:27:42","guid":{"rendered":"http:\/\/agora.xtec.cat\/esc-elpalau\/?p=2337"},"modified":"2021-02-10T14:58:35","modified_gmt":"2021-02-10T13:58:35","slug":"setmana-verda-a-la-classe-dels-matossers","status":"publish","type":"post","link":"https:\/\/agora.xtec.cat\/esc-elpalau\/infantil\/setmana-verda-a-la-classe-dels-matossers\/","title":{"rendered":"SETMANA VERDA A LA CLASSE DELS MATOSSERS"},"content":{"rendered":"<p>Durant la setmana verda hem realitzat moltes activitats relacionades amb el tema. Enguany per\u00f2, ens hem centrat sobretot en con\u00e8ixer les verdures, les hem descobert en alguns casos i repassat en altres. <\/p>\n<p>Hem collit enciams i hem plantat escaroles, ho fem molt b\u00e9 i som uns aut\u00e8ntics pagesos i pageses!!<\/p>\n<p>Tamb\u00e9 hem fet una llista de les nostres verdures i un Bingo s\u00faper divertit. Els que guanyaven s&#8217;emportaven una enciam de l&#8217;hort de l&#8217;escola i al dia seg\u00fcent ens van explicar que havien fet unes amanides bon\u00edssimes!!!<\/p>\n<p><iframe loading=\"lazy\" width=\"560\" height=\"315\" src=\"https:\/\/www.youtube.com\/embed\/51i5_TWFLeo\" frameborder=\"0\"><\/iframe><\/p>\n<p><iframe loading=\"lazy\" width=\"560\" height=\"315\" src=\"https:\/\/www.youtube.com\/embed\/jIMvP74kZ1g\" frameborder=\"0\"><\/iframe><\/p>\n<p>La J\u00falia gaudint d&#8217;una amanida amb l&#8217;enciam de l&#8217;escola&#8230;mmmhhh quina bona pinta!!!<br \/>\n<a href=\"https:\/\/agora.xtec.cat\/esc-elpalau\/wp-content\/uploads\/usu1480\/2021\/02\/foto-J\u00falia.jpg\"><img loading=\"lazy\" decoding=\"async\" src=\"https:\/\/agora.xtec.cat\/esc-elpalau\/wp-content\/uploads\/usu1480\/2021\/02\/foto-J\u00falia-768x1024.jpg\" alt=\"\" width=\"768\" height=\"1024\" class=\"alignnone size-large wp-image-2343\" srcset=\"https:\/\/agora.xtec.cat\/esc-elpalau\/wp-content\/uploads\/usu1480\/2021\/02\/foto-J\u00falia-768x1024.jpg 768w, https:\/\/agora.xtec.cat\/esc-elpalau\/wp-content\/uploads\/usu1480\/2021\/02\/foto-J\u00falia-225x300.jpg 225w\" sizes=\"auto, (max-width: 768px) 100vw, 768px\" \/><\/a><\/p>\n","protected":false},"excerpt":{"rendered":"<p>Durant la setmana verda hem realitzat moltes activitats relacionades amb el tema. Enguany per\u00f2, ens hem centrat sobretot en con\u00e8ixer les verdures, les hem descobert en alguns casos i repassat en altres.<br \/>\nHem collit enciams i hem plantat escaroles, ho fem molt b\u00e9 i som&hellip;  <a href=\"https:\/\/agora.xtec.cat\/esc-elpalau\/infantil\/setmana-verda-a-la-classe-dels-matossers\/\" title=\"Read SETMANA VERDA A LA CLASSE DELS MATOSSERS\">Llegeix m\u00e9s\u00bb<\/a><\/p>\n","protected":false},"author":18,"featured_media":0,"comment_status":"open","ping_status":"closed","sticky":false,"template":"","format":"standard","meta":{"_bbp_topic_count":0,"_bbp_reply_count":0,"_bbp_total_topic_count":0,"_bbp_total_reply_count":0,"_bbp_voice_count":0,"_bbp_anonymous_reply_count":0,"_bbp_topic_count_hidden":0,"_bbp_reply_count_hidden":0,"_bbp_forum_subforum_count":0,"footnotes":""},"categories":[115,2],"tags":[],"class_list":["post-2337","post","type-post","status-publish","format-standard","hentry","category-hort-escolar","category-infantil"],"post_mailing_queue_ids":[],"_links":{"self":[{"href":"https:\/\/agora.xtec.cat\/esc-elpalau\/wp-json\/wp\/v2\/posts\/2337","targetHints":{"allow":["GET"]}}],"collection":[{"href":"https:\/\/agora.xtec.cat\/esc-elpalau\/wp-json\/wp\/v2\/posts"}],"about":[{"href":"https:\/\/agora.xtec.cat\/esc-elpalau\/wp-json\/wp\/v2\/types\/post"}],"author":[{"embeddable":true,"href":"https:\/\/agora.xtec.cat\/esc-elpalau\/wp-json\/wp\/v2\/users\/18"}],"replies":[{"embeddable":true,"href":"https:\/\/agora.xtec.cat\/esc-elpalau\/wp-json\/wp\/v2\/comments?post=2337"}],"version-history":[{"count":3,"href":"https:\/\/agora.xtec.cat\/esc-elpalau\/wp-json\/wp\/v2\/posts\/2337\/revisions"}],"predecessor-version":[{"id":2345,"href":"https:\/\/agora.xtec.cat\/esc-elpalau\/wp-json\/wp\/v2\/posts\/2337\/revisions\/2345"}],"wp:attachment":[{"href":"https:\/\/agora.xtec.cat\/esc-elpalau\/wp-json\/wp\/v2\/media?parent=2337"}],"wp:term":[{"taxonomy":"category","embeddable":true,"href":"https:\/\/agora.xtec.cat\/esc-elpalau\/wp-json\/wp\/v2\/categories?post=2337"},{"taxonomy":"post_tag","embeddable":true,"href":"https:\/\/agora.xtec.cat\/esc-elpalau\/wp-json\/wp\/v2\/tags?post=2337"}],"curies":[{"name":"wp","href":"https:\/\/api.w.org\/{rel}","templated":true}]}}