{"id":2259,"date":"2021-02-01T17:55:25","date_gmt":"2021-02-01T16:55:25","guid":{"rendered":"http:\/\/agora.xtec.cat\/esc-elpalau\/?p=2259"},"modified":"2021-02-01T17:56:14","modified_gmt":"2021-02-01T16:56:14","slug":"5a-setmana-verda","status":"publish","type":"post","link":"https:\/\/agora.xtec.cat\/esc-elpalau\/general\/5a-setmana-verda\/","title":{"rendered":"5a SETMANA VERDA"},"content":{"rendered":"<p><a href=\"https:\/\/agora.xtec.cat\/esc-elpalau\/wp-content\/uploads\/usu1480\/2021\/02\/CARTELL-5a-SETMANA-VERDA-1-1-e1612195334174.jpg\"><img loading=\"lazy\" decoding=\"async\" class=\"aligncenter wp-image-2263 size-large\" src=\"https:\/\/agora.xtec.cat\/esc-elpalau\/wp-content\/uploads\/usu1480\/2021\/02\/CARTELL-5a-SETMANA-VERDA-1-1-e1612195334174-724x1024.jpg\" alt=\"\" width=\"724\" height=\"1024\" srcset=\"https:\/\/agora.xtec.cat\/esc-elpalau\/wp-content\/uploads\/usu1480\/2021\/02\/CARTELL-5a-SETMANA-VERDA-1-1-e1612195334174-724x1024.jpg 724w, https:\/\/agora.xtec.cat\/esc-elpalau\/wp-content\/uploads\/usu1480\/2021\/02\/CARTELL-5a-SETMANA-VERDA-1-1-e1612195334174-212x300.jpg 212w, https:\/\/agora.xtec.cat\/esc-elpalau\/wp-content\/uploads\/usu1480\/2021\/02\/CARTELL-5a-SETMANA-VERDA-1-1-e1612195334174-768x1086.jpg 768w\" sizes=\"auto, (max-width: 724px) 100vw, 724px\" \/><\/a><\/p>\n<p>Avui ha comen\u00e7at la <strong>5\u00e0 Setmana Verda<\/strong> <strong>i mediambiental<\/strong> a l&#8217;escola. Al llarg d&#8217;aquesta setmana parlem, reflexionem i actuem perqu\u00e8 les nostres accions ajudin al nostre planeta a estar sa , i poder aix\u00ed, seguir gaudint de tot el que ens ofereix.<\/p>\n","protected":false},"excerpt":{"rendered":"<p><a href=\"https:\/\/agora.xtec.cat\/esc-elpalau\/wp-content\/uploads\/usu1480\/2021\/02\/CARTELL-5a-SETMANA-VERDA-1-1-e1612195334174.jpg\"><\/a><br \/>\nAvui ha comen\u00e7at la 5\u00e0 Setmana Verda i mediambiental a l&#8217;escola. Al llarg d&#8217;aquesta setmana parlem, reflexionem i actuem perqu\u00e8 les nostres accions ajudin al nostre planeta a estar sa , i poder aix\u00ed, seguir gaudint de tot el que ens ofereix.<\/p>\n","protected":false},"author":1,"featured_media":0,"comment_status":"open","ping_status":"closed","sticky":false,"template":"","format":"standard","meta":{"_bbp_topic_count":0,"_bbp_reply_count":0,"_bbp_total_topic_count":0,"_bbp_total_reply_count":0,"_bbp_voice_count":0,"_bbp_anonymous_reply_count":0,"_bbp_topic_count_hidden":0,"_bbp_reply_count_hidden":0,"_bbp_forum_subforum_count":0,"footnotes":""},"categories":[1,4],"tags":[],"class_list":["post-2259","post","type-post","status-publish","format-standard","hentry","category-general","category-portada"],"post_mailing_queue_ids":[],"_links":{"self":[{"href":"https:\/\/agora.xtec.cat\/esc-elpalau\/wp-json\/wp\/v2\/posts\/2259","targetHints":{"allow":["GET"]}}],"collection":[{"href":"https:\/\/agora.xtec.cat\/esc-elpalau\/wp-json\/wp\/v2\/posts"}],"about":[{"href":"https:\/\/agora.xtec.cat\/esc-elpalau\/wp-json\/wp\/v2\/types\/post"}],"author":[{"embeddable":true,"href":"https:\/\/agora.xtec.cat\/esc-elpalau\/wp-json\/wp\/v2\/users\/1"}],"replies":[{"embeddable":true,"href":"https:\/\/agora.xtec.cat\/esc-elpalau\/wp-json\/wp\/v2\/comments?post=2259"}],"version-history":[{"count":4,"href":"https:\/\/agora.xtec.cat\/esc-elpalau\/wp-json\/wp\/v2\/posts\/2259\/revisions"}],"predecessor-version":[{"id":2270,"href":"https:\/\/agora.xtec.cat\/esc-elpalau\/wp-json\/wp\/v2\/posts\/2259\/revisions\/2270"}],"wp:attachment":[{"href":"https:\/\/agora.xtec.cat\/esc-elpalau\/wp-json\/wp\/v2\/media?parent=2259"}],"wp:term":[{"taxonomy":"category","embeddable":true,"href":"https:\/\/agora.xtec.cat\/esc-elpalau\/wp-json\/wp\/v2\/categories?post=2259"},{"taxonomy":"post_tag","embeddable":true,"href":"https:\/\/agora.xtec.cat\/esc-elpalau\/wp-json\/wp\/v2\/tags?post=2259"}],"curies":[{"name":"wp","href":"https:\/\/api.w.org\/{rel}","templated":true}]}}