{"id":2205,"date":"2020-12-01T16:22:52","date_gmt":"2020-12-01T15:22:52","guid":{"rendered":"http:\/\/agora.xtec.cat\/esc-elpalau\/?p=2205"},"modified":"2021-01-28T16:38:06","modified_gmt":"2021-01-28T15:38:06","slug":"el-gran-recapte-4","status":"publish","type":"post","link":"https:\/\/agora.xtec.cat\/esc-elpalau\/portada\/el-gran-recapte-4\/","title":{"rendered":"EL GRAN RECAPTE"},"content":{"rendered":"<p>Els nens i les nenes de 4t durant aquest trimestre hem estat treballant el projecte del Gran Recapte. Tot i que ha estat diferent a altres cursos hem aconseguit conscienciar i mentalitzar a la resta de companys i companyes de l&#8217;escola mitjan\u00e7ant el seg\u00fcent v\u00eddeo.<\/p>\n<p>Esperem que us agradi!<\/p>\n<p><a href=\"https:\/\/youtu.be\/_myhsk2BWQI\">https:\/\/youtu.be\/_myhsk2BWQI<\/a><\/p>\n","protected":false},"excerpt":{"rendered":"<p>Els nens i les nenes de 4t durant aquest trimestre hem estat treballant el projecte del Gran Recapte. Tot i que ha estat diferent a altres cursos hem aconseguit conscienciar i mentalitzar a la resta de companys i companyes de l&#8217;escola mitjan\u00e7ant el seg\u00fcent v\u00eddeo.<br \/>\nEsperem&hellip;  <a href=\"https:\/\/agora.xtec.cat\/esc-elpalau\/portada\/el-gran-recapte-4\/\" title=\"Read EL GRAN RECAPTE\">Llegeix m\u00e9s\u00bb<\/a><\/p>\n","protected":false},"author":1,"featured_media":0,"comment_status":"open","ping_status":"closed","sticky":false,"template":"","format":"standard","meta":{"_bbp_topic_count":0,"_bbp_reply_count":0,"_bbp_total_topic_count":0,"_bbp_total_reply_count":0,"_bbp_voice_count":0,"_bbp_anonymous_reply_count":0,"_bbp_topic_count_hidden":0,"_bbp_reply_count_hidden":0,"_bbp_forum_subforum_count":0,"footnotes":""},"categories":[11,4,5],"tags":[],"class_list":["post-2205","post","type-post","status-publish","format-standard","hentry","category-c-mitja","category-portada","category-primaria"],"post_mailing_queue_ids":[],"_links":{"self":[{"href":"https:\/\/agora.xtec.cat\/esc-elpalau\/wp-json\/wp\/v2\/posts\/2205","targetHints":{"allow":["GET"]}}],"collection":[{"href":"https:\/\/agora.xtec.cat\/esc-elpalau\/wp-json\/wp\/v2\/posts"}],"about":[{"href":"https:\/\/agora.xtec.cat\/esc-elpalau\/wp-json\/wp\/v2\/types\/post"}],"author":[{"embeddable":true,"href":"https:\/\/agora.xtec.cat\/esc-elpalau\/wp-json\/wp\/v2\/users\/1"}],"replies":[{"embeddable":true,"href":"https:\/\/agora.xtec.cat\/esc-elpalau\/wp-json\/wp\/v2\/comments?post=2205"}],"version-history":[{"count":1,"href":"https:\/\/agora.xtec.cat\/esc-elpalau\/wp-json\/wp\/v2\/posts\/2205\/revisions"}],"predecessor-version":[{"id":2206,"href":"https:\/\/agora.xtec.cat\/esc-elpalau\/wp-json\/wp\/v2\/posts\/2205\/revisions\/2206"}],"wp:attachment":[{"href":"https:\/\/agora.xtec.cat\/esc-elpalau\/wp-json\/wp\/v2\/media?parent=2205"}],"wp:term":[{"taxonomy":"category","embeddable":true,"href":"https:\/\/agora.xtec.cat\/esc-elpalau\/wp-json\/wp\/v2\/categories?post=2205"},{"taxonomy":"post_tag","embeddable":true,"href":"https:\/\/agora.xtec.cat\/esc-elpalau\/wp-json\/wp\/v2\/tags?post=2205"}],"curies":[{"name":"wp","href":"https:\/\/api.w.org\/{rel}","templated":true}]}}