{"id":2135,"date":"2021-01-20T10:14:02","date_gmt":"2021-01-20T09:14:02","guid":{"rendered":"http:\/\/agora.xtec.cat\/esc-elpalau\/?p=2135"},"modified":"2021-01-30T13:29:01","modified_gmt":"2021-01-30T12:29:01","slug":"quan-el-glac-es-fon","status":"publish","type":"post","link":"https:\/\/agora.xtec.cat\/esc-elpalau\/general\/quan-el-glac-es-fon\/","title":{"rendered":"Quan el gla\u00e7 es fon"},"content":{"rendered":"<p>&#8220;Quan el gla\u00e7 es fon&#8221; de Rosie Eve editat per Zahor\u00ed Books \u00e9s el conte protagonista d&#8217;aquest trimestre per a conscienciar els nostres petits de la import\u00e0ncia de tenir cura del nostre planeta i de l&#8217;emerg\u00e8ncia clim\u00e0tica que estem patint.<br \/>\nAqu\u00ed teniu un v\u00eddeo-conte per poder veure en fam\u00edlia. Esperem que us agradi!!!!<\/p>\n<p><iframe loading=\"lazy\" title=\"QUAN EL GLA\u00c7 ES FON\" width=\"500\" height=\"281\" src=\"https:\/\/www.youtube.com\/embed\/B5hTYwJWLIE?feature=oembed\" frameborder=\"0\" allow=\"accelerometer; autoplay; clipboard-write; encrypted-media; gyroscope; picture-in-picture; web-share\" referrerpolicy=\"strict-origin-when-cross-origin\" allowfullscreen><\/iframe><\/p>\n","protected":false},"excerpt":{"rendered":"<p>&#8220;Quan el gla\u00e7 es fon&#8221; de Rosie Eve editat per Zahor\u00ed Books \u00e9s el conte protagonista d&#8217;aquest trimestre per a conscienciar els nostres petits de la import\u00e0ncia de tenir cura del nostre planeta i de l&#8217;emerg\u00e8ncia clim\u00e0tica que estem patint.<br \/>\nAqu\u00ed teniu un v\u00eddeo-conte per poder&hellip;  <a href=\"https:\/\/agora.xtec.cat\/esc-elpalau\/general\/quan-el-glac-es-fon\/\" title=\"Read Quan el gla\u00e7 es fon\">Llegeix m\u00e9s\u00bb<\/a><\/p>\n","protected":false},"author":1,"featured_media":2136,"comment_status":"open","ping_status":"closed","sticky":false,"template":"","format":"standard","meta":{"_bbp_topic_count":0,"_bbp_reply_count":0,"_bbp_total_topic_count":0,"_bbp_total_reply_count":0,"_bbp_voice_count":0,"_bbp_anonymous_reply_count":0,"_bbp_topic_count_hidden":0,"_bbp_reply_count_hidden":0,"_bbp_forum_subforum_count":0,"footnotes":""},"categories":[128,1],"tags":[138,132,134,133,137],"class_list":["post-2135","post","type-post","status-publish","format-standard","has-post-thumbnail","hentry","category-biblioteca","category-general","tag-emergencia-climatica","tag-gust-per-llegir","tag-medi-ambient","tag-medi-natural","tag-video-conte"],"post_mailing_queue_ids":[],"_links":{"self":[{"href":"https:\/\/agora.xtec.cat\/esc-elpalau\/wp-json\/wp\/v2\/posts\/2135","targetHints":{"allow":["GET"]}}],"collection":[{"href":"https:\/\/agora.xtec.cat\/esc-elpalau\/wp-json\/wp\/v2\/posts"}],"about":[{"href":"https:\/\/agora.xtec.cat\/esc-elpalau\/wp-json\/wp\/v2\/types\/post"}],"author":[{"embeddable":true,"href":"https:\/\/agora.xtec.cat\/esc-elpalau\/wp-json\/wp\/v2\/users\/1"}],"replies":[{"embeddable":true,"href":"https:\/\/agora.xtec.cat\/esc-elpalau\/wp-json\/wp\/v2\/comments?post=2135"}],"version-history":[{"count":3,"href":"https:\/\/agora.xtec.cat\/esc-elpalau\/wp-json\/wp\/v2\/posts\/2135\/revisions"}],"predecessor-version":[{"id":2227,"href":"https:\/\/agora.xtec.cat\/esc-elpalau\/wp-json\/wp\/v2\/posts\/2135\/revisions\/2227"}],"wp:featuredmedia":[{"embeddable":true,"href":"https:\/\/agora.xtec.cat\/esc-elpalau\/wp-json\/wp\/v2\/media\/2136"}],"wp:attachment":[{"href":"https:\/\/agora.xtec.cat\/esc-elpalau\/wp-json\/wp\/v2\/media?parent=2135"}],"wp:term":[{"taxonomy":"category","embeddable":true,"href":"https:\/\/agora.xtec.cat\/esc-elpalau\/wp-json\/wp\/v2\/categories?post=2135"},{"taxonomy":"post_tag","embeddable":true,"href":"https:\/\/agora.xtec.cat\/esc-elpalau\/wp-json\/wp\/v2\/tags?post=2135"}],"curies":[{"name":"wp","href":"https:\/\/api.w.org\/{rel}","templated":true}]}}