{"id":2116,"date":"2021-01-25T13:20:17","date_gmt":"2021-01-25T12:20:17","guid":{"rendered":"http:\/\/agora.xtec.cat\/esc-elpalau\/?p=2116"},"modified":"2021-02-08T12:45:24","modified_gmt":"2021-02-08T11:45:24","slug":"experimentem-amb-els-liquids","status":"publish","type":"post","link":"https:\/\/agora.xtec.cat\/esc-elpalau\/primaria\/experimentem-amb-els-liquids\/","title":{"rendered":"EXPERIMENTEM AMB ELS L\u00cdQUIDS"},"content":{"rendered":"<p>Aquesta setmana hem experimentat amb diferents l\u00edquids per comprovar les seves densitats.<br \/>\nTal com expliquen els alumnes, dels diferents l\u00edquids que fem servir la mel queda al fons de la proveta, ja que \u00e9s el que t\u00e9 m\u00e9s densitat.<\/p>\n<p>Quin creieu que ser\u00e0 el seg\u00fcent?<\/p>\n<p>Us convidem a mirar el v\u00eddeo!<\/p>\n<p><iframe loading=\"lazy\" title=\"EXPERIMENTEM AMB ELS L\u00cdQUIDS\" width=\"500\" height=\"281\" src=\"https:\/\/www.youtube.com\/embed\/IF6CaOvQgpY?feature=oembed\" frameborder=\"0\" allow=\"accelerometer; autoplay; clipboard-write; encrypted-media; gyroscope; picture-in-picture; web-share\" referrerpolicy=\"strict-origin-when-cross-origin\" allowfullscreen><\/iframe><\/p>\n<p><a href=\"https:\/\/agora.xtec.cat\/esc-elpalau\/wp-content\/uploads\/usu1480\/2021\/01\/1611003127288-1.jpg\"><img loading=\"lazy\" decoding=\"async\" class=\"alignnone size-large wp-image-2120\" src=\"https:\/\/agora.xtec.cat\/esc-elpalau\/wp-content\/uploads\/usu1480\/2021\/01\/1611003127288-1-1024x768.jpg\" alt=\"\" width=\"1024\" height=\"768\" srcset=\"https:\/\/agora.xtec.cat\/esc-elpalau\/wp-content\/uploads\/usu1480\/2021\/01\/1611003127288-1-1024x768.jpg 1024w, https:\/\/agora.xtec.cat\/esc-elpalau\/wp-content\/uploads\/usu1480\/2021\/01\/1611003127288-1-300x225.jpg 300w, https:\/\/agora.xtec.cat\/esc-elpalau\/wp-content\/uploads\/usu1480\/2021\/01\/1611003127288-1-768x576.jpg 768w, https:\/\/agora.xtec.cat\/esc-elpalau\/wp-content\/uploads\/usu1480\/2021\/01\/1611003127288-1-200x150.jpg 200w\" sizes=\"auto, (max-width: 1024px) 100vw, 1024px\" \/><\/a><\/p>\n","protected":false},"excerpt":{"rendered":"<p>Aquesta setmana hem experimentat amb diferents l\u00edquids per comprovar les seves densitats.<br \/>\nTal com expliquen els alumnes, dels diferents l\u00edquids que fem servir la mel queda al fons de la proveta, ja que \u00e9s el que t\u00e9 m\u00e9s densitat.<br \/>\nQuin creieu que ser\u00e0 el seg\u00fcent?<br \/>\nUs convidem a&hellip;  <a href=\"https:\/\/agora.xtec.cat\/esc-elpalau\/primaria\/experimentem-amb-els-liquids\/\" title=\"Read EXPERIMENTEM AMB ELS L\u00cdQUIDS\">Llegeix m\u00e9s\u00bb<\/a><\/p>\n","protected":false},"author":1,"featured_media":2119,"comment_status":"open","ping_status":"closed","sticky":false,"template":"","format":"standard","meta":{"_bbp_topic_count":0,"_bbp_reply_count":0,"_bbp_total_topic_count":0,"_bbp_total_reply_count":0,"_bbp_voice_count":0,"_bbp_anonymous_reply_count":0,"_bbp_topic_count_hidden":0,"_bbp_reply_count_hidden":0,"_bbp_forum_subforum_count":0,"footnotes":""},"categories":[12,5],"tags":[],"class_list":["post-2116","post","type-post","status-publish","format-standard","has-post-thumbnail","hentry","category-c-superior","category-primaria"],"post_mailing_queue_ids":[],"_links":{"self":[{"href":"https:\/\/agora.xtec.cat\/esc-elpalau\/wp-json\/wp\/v2\/posts\/2116","targetHints":{"allow":["GET"]}}],"collection":[{"href":"https:\/\/agora.xtec.cat\/esc-elpalau\/wp-json\/wp\/v2\/posts"}],"about":[{"href":"https:\/\/agora.xtec.cat\/esc-elpalau\/wp-json\/wp\/v2\/types\/post"}],"author":[{"embeddable":true,"href":"https:\/\/agora.xtec.cat\/esc-elpalau\/wp-json\/wp\/v2\/users\/1"}],"replies":[{"embeddable":true,"href":"https:\/\/agora.xtec.cat\/esc-elpalau\/wp-json\/wp\/v2\/comments?post=2116"}],"version-history":[{"count":3,"href":"https:\/\/agora.xtec.cat\/esc-elpalau\/wp-json\/wp\/v2\/posts\/2116\/revisions"}],"predecessor-version":[{"id":2290,"href":"https:\/\/agora.xtec.cat\/esc-elpalau\/wp-json\/wp\/v2\/posts\/2116\/revisions\/2290"}],"wp:featuredmedia":[{"embeddable":true,"href":"https:\/\/agora.xtec.cat\/esc-elpalau\/wp-json\/wp\/v2\/media\/2119"}],"wp:attachment":[{"href":"https:\/\/agora.xtec.cat\/esc-elpalau\/wp-json\/wp\/v2\/media?parent=2116"}],"wp:term":[{"taxonomy":"category","embeddable":true,"href":"https:\/\/agora.xtec.cat\/esc-elpalau\/wp-json\/wp\/v2\/categories?post=2116"},{"taxonomy":"post_tag","embeddable":true,"href":"https:\/\/agora.xtec.cat\/esc-elpalau\/wp-json\/wp\/v2\/tags?post=2116"}],"curies":[{"name":"wp","href":"https:\/\/api.w.org\/{rel}","templated":true}]}}