{"id":2111,"date":"2021-01-19T11:08:51","date_gmt":"2021-01-19T10:08:51","guid":{"rendered":"http:\/\/agora.xtec.cat\/esc-elpalau\/?p=2111"},"modified":"2021-01-19T11:08:51","modified_gmt":"2021-01-19T10:08:51","slug":"els-matossers-enviem-la-postal-de-nadal","status":"publish","type":"post","link":"https:\/\/agora.xtec.cat\/esc-elpalau\/infantil\/els-matossers-enviem-la-postal-de-nadal\/","title":{"rendered":"ELS MATOSSERS ENVIEM LA POSTAL DE NADAL"},"content":{"rendered":"<p>Com cada any els alumnes de P-5 vam enviar la postal de Nadal a les nostres fam\u00edlies amb molta il.lusi\u00f3. Despr\u00e9s vam anar a veure un pessebre gegant i l&#8217;arbre de Nadal de l&#8217;Ajuntament. Va ser un mat\u00ed diferent iespecial!<\/p>\n<p><iframe loading=\"lazy\" width=\"560\" height=\"315\" src=\"https:\/\/www.youtube.com\/embed\/pxtVZ3Ekj8k\" frameborder=\"0\"><\/iframe><\/p>\n","protected":false},"excerpt":{"rendered":"<p>Com cada any els alumnes de P-5 vam enviar la postal de Nadal a les nostres fam\u00edlies amb molta il.lusi\u00f3. Despr\u00e9s vam anar a veure un pessebre gegant i l&#8217;arbre de Nadal de l&#8217;Ajuntament. Va ser un mat\u00ed diferent iespecial!<\/p>\n","protected":false},"author":18,"featured_media":2114,"comment_status":"open","ping_status":"closed","sticky":false,"template":"","format":"standard","meta":{"_bbp_topic_count":0,"_bbp_reply_count":0,"_bbp_total_topic_count":0,"_bbp_total_reply_count":0,"_bbp_voice_count":0,"_bbp_anonymous_reply_count":0,"_bbp_topic_count_hidden":0,"_bbp_reply_count_hidden":0,"_bbp_forum_subforum_count":0,"footnotes":""},"categories":[2],"tags":[],"class_list":["post-2111","post","type-post","status-publish","format-standard","has-post-thumbnail","hentry","category-infantil"],"post_mailing_queue_ids":[],"_links":{"self":[{"href":"https:\/\/agora.xtec.cat\/esc-elpalau\/wp-json\/wp\/v2\/posts\/2111","targetHints":{"allow":["GET"]}}],"collection":[{"href":"https:\/\/agora.xtec.cat\/esc-elpalau\/wp-json\/wp\/v2\/posts"}],"about":[{"href":"https:\/\/agora.xtec.cat\/esc-elpalau\/wp-json\/wp\/v2\/types\/post"}],"author":[{"embeddable":true,"href":"https:\/\/agora.xtec.cat\/esc-elpalau\/wp-json\/wp\/v2\/users\/18"}],"replies":[{"embeddable":true,"href":"https:\/\/agora.xtec.cat\/esc-elpalau\/wp-json\/wp\/v2\/comments?post=2111"}],"version-history":[{"count":2,"href":"https:\/\/agora.xtec.cat\/esc-elpalau\/wp-json\/wp\/v2\/posts\/2111\/revisions"}],"predecessor-version":[{"id":2113,"href":"https:\/\/agora.xtec.cat\/esc-elpalau\/wp-json\/wp\/v2\/posts\/2111\/revisions\/2113"}],"wp:featuredmedia":[{"embeddable":true,"href":"https:\/\/agora.xtec.cat\/esc-elpalau\/wp-json\/wp\/v2\/media\/2114"}],"wp:attachment":[{"href":"https:\/\/agora.xtec.cat\/esc-elpalau\/wp-json\/wp\/v2\/media?parent=2111"}],"wp:term":[{"taxonomy":"category","embeddable":true,"href":"https:\/\/agora.xtec.cat\/esc-elpalau\/wp-json\/wp\/v2\/categories?post=2111"},{"taxonomy":"post_tag","embeddable":true,"href":"https:\/\/agora.xtec.cat\/esc-elpalau\/wp-json\/wp\/v2\/tags?post=2111"}],"curies":[{"name":"wp","href":"https:\/\/api.w.org\/{rel}","templated":true}]}}