{"id":2072,"date":"2020-12-19T21:32:12","date_gmt":"2020-12-19T20:32:12","guid":{"rendered":"http:\/\/agora.xtec.cat\/esc-elpalau\/?p=2072"},"modified":"2020-12-19T21:32:12","modified_gmt":"2020-12-19T20:32:12","slug":"follets","status":"publish","type":"post","link":"https:\/\/agora.xtec.cat\/esc-elpalau\/general\/follets\/","title":{"rendered":"Follets"},"content":{"rendered":"<p>No ens cansem de dir que els llibres ens ensenyen i ens inspiren. Fan volar la nostra imaginaci\u00f3 amb hist\u00f2ries divertides, sorprenents,&#8230;<br \/>\nAqu\u00ed la tardor amb el bosc, els arbres caducifolis, les fulles que cauen i aquests petits \u00e9ssers m\u00e0gics que s\u00f3n els follets i les seves hist\u00f2ries antigues, antigues&#8230;<\/p>\n<p>Els nens i les nenes de cinqu\u00e8 saben que en acabar la tardor, arriba Nadal i han aprofitat els seus elements per decorar les seves finestres ben nadalenques.<\/p>\n<p>Encantadors<\/p>\n<p><a href=\"https:\/\/agora.xtec.cat\/esc-elpalau\/wp-content\/uploads\/usu1480\/2020\/12\/5\u00e8-FOLLETS-DE-LA-TARDOR-petit.jpg\"><img loading=\"lazy\" decoding=\"async\" class=\"alignnone size-large wp-image-2073\" src=\"https:\/\/agora.xtec.cat\/esc-elpalau\/wp-content\/uploads\/usu1480\/2020\/12\/5\u00e8-FOLLETS-DE-LA-TARDOR-petit-1024x654.jpg\" alt=\"\" width=\"1024\" height=\"654\" srcset=\"https:\/\/agora.xtec.cat\/esc-elpalau\/wp-content\/uploads\/usu1480\/2020\/12\/5\u00e8-FOLLETS-DE-LA-TARDOR-petit-1024x654.jpg 1024w, https:\/\/agora.xtec.cat\/esc-elpalau\/wp-content\/uploads\/usu1480\/2020\/12\/5\u00e8-FOLLETS-DE-LA-TARDOR-petit-300x192.jpg 300w, https:\/\/agora.xtec.cat\/esc-elpalau\/wp-content\/uploads\/usu1480\/2020\/12\/5\u00e8-FOLLETS-DE-LA-TARDOR-petit-768x490.jpg 768w\" sizes=\"auto, (max-width: 1024px) 100vw, 1024px\" \/><\/a><\/p>\n","protected":false},"excerpt":{"rendered":"<p>No ens cansem de dir que els llibres ens ensenyen i ens inspiren. Fan volar la nostra imaginaci\u00f3 amb hist\u00f2ries divertides, sorprenents,&#8230;<br \/>\nAqu\u00ed la tardor amb el bosc, els arbres caducifolis, les fulles que cauen i aquests petits \u00e9ssers m\u00e0gics que s\u00f3n els follets i les&hellip;  <a href=\"https:\/\/agora.xtec.cat\/esc-elpalau\/general\/follets\/\" title=\"Read Follets\">Llegeix m\u00e9s\u00bb<\/a><\/p>\n","protected":false},"author":1,"featured_media":0,"comment_status":"open","ping_status":"closed","sticky":false,"template":"","format":"standard","meta":{"_bbp_topic_count":0,"_bbp_reply_count":0,"_bbp_total_topic_count":0,"_bbp_total_reply_count":0,"_bbp_voice_count":0,"_bbp_anonymous_reply_count":0,"_bbp_topic_count_hidden":0,"_bbp_reply_count_hidden":0,"_bbp_forum_subforum_count":0,"footnotes":""},"categories":[128,1],"tags":[],"class_list":["post-2072","post","type-post","status-publish","format-standard","hentry","category-biblioteca","category-general"],"post_mailing_queue_ids":[],"_links":{"self":[{"href":"https:\/\/agora.xtec.cat\/esc-elpalau\/wp-json\/wp\/v2\/posts\/2072","targetHints":{"allow":["GET"]}}],"collection":[{"href":"https:\/\/agora.xtec.cat\/esc-elpalau\/wp-json\/wp\/v2\/posts"}],"about":[{"href":"https:\/\/agora.xtec.cat\/esc-elpalau\/wp-json\/wp\/v2\/types\/post"}],"author":[{"embeddable":true,"href":"https:\/\/agora.xtec.cat\/esc-elpalau\/wp-json\/wp\/v2\/users\/1"}],"replies":[{"embeddable":true,"href":"https:\/\/agora.xtec.cat\/esc-elpalau\/wp-json\/wp\/v2\/comments?post=2072"}],"version-history":[{"count":1,"href":"https:\/\/agora.xtec.cat\/esc-elpalau\/wp-json\/wp\/v2\/posts\/2072\/revisions"}],"predecessor-version":[{"id":2074,"href":"https:\/\/agora.xtec.cat\/esc-elpalau\/wp-json\/wp\/v2\/posts\/2072\/revisions\/2074"}],"wp:attachment":[{"href":"https:\/\/agora.xtec.cat\/esc-elpalau\/wp-json\/wp\/v2\/media?parent=2072"}],"wp:term":[{"taxonomy":"category","embeddable":true,"href":"https:\/\/agora.xtec.cat\/esc-elpalau\/wp-json\/wp\/v2\/categories?post=2072"},{"taxonomy":"post_tag","embeddable":true,"href":"https:\/\/agora.xtec.cat\/esc-elpalau\/wp-json\/wp\/v2\/tags?post=2072"}],"curies":[{"name":"wp","href":"https:\/\/api.w.org\/{rel}","templated":true}]}}