{"id":2035,"date":"2020-12-11T09:30:09","date_gmt":"2020-12-11T08:30:09","guid":{"rendered":"http:\/\/agora.xtec.cat\/esc-elpalau\/?p=2035"},"modified":"2020-12-11T09:30:09","modified_gmt":"2020-12-11T08:30:09","slug":"experimentem-amb-la-sang","status":"publish","type":"post","link":"https:\/\/agora.xtec.cat\/esc-elpalau\/infantil\/experimentem-amb-la-sang\/","title":{"rendered":"EXPERIMENTEM AMB LA SANG"},"content":{"rendered":"<p>Aquesta setmana en Gerard ha portat un material preparat per la seva mare per explicar-nos el funcionament i els components de la nostra sang. Ha estat moooolt interessant i hem apr\u00e8s molt\u00edssim sobre el nostre l\u00edquid vermell&#8230; Gr\u00e0cies Olga i Gerard per la vostra aportaci\u00f3 al projecte!!<\/p>\n<p><iframe loading=\"lazy\" title=\"La sang\" width=\"500\" height=\"281\" src=\"https:\/\/www.youtube.com\/embed\/qaVxHOafrvE?feature=oembed\" frameborder=\"0\" allow=\"accelerometer; autoplay; clipboard-write; encrypted-media; gyroscope; picture-in-picture; web-share\" referrerpolicy=\"strict-origin-when-cross-origin\" allowfullscreen><\/iframe><\/p>\n","protected":false},"excerpt":{"rendered":"<p>Aquesta setmana en Gerard ha portat un material preparat per la seva mare per explicar-nos el funcionament i els components de la nostra sang. Ha estat moooolt interessant i hem apr\u00e8s molt\u00edssim sobre el nostre l\u00edquid vermell&#8230; Gr\u00e0cies Olga i Gerard per la vostra aportaci\u00f3&hellip;  <a href=\"https:\/\/agora.xtec.cat\/esc-elpalau\/infantil\/experimentem-amb-la-sang\/\" title=\"Read EXPERIMENTEM AMB LA SANG\">Llegeix m\u00e9s\u00bb<\/a><\/p>\n","protected":false},"author":18,"featured_media":2038,"comment_status":"open","ping_status":"closed","sticky":false,"template":"","format":"standard","meta":{"_bbp_topic_count":0,"_bbp_reply_count":0,"_bbp_total_topic_count":0,"_bbp_total_reply_count":0,"_bbp_voice_count":0,"_bbp_anonymous_reply_count":0,"_bbp_topic_count_hidden":0,"_bbp_reply_count_hidden":0,"_bbp_forum_subforum_count":0,"footnotes":""},"categories":[2],"tags":[],"class_list":["post-2035","post","type-post","status-publish","format-standard","has-post-thumbnail","hentry","category-infantil"],"post_mailing_queue_ids":[],"_links":{"self":[{"href":"https:\/\/agora.xtec.cat\/esc-elpalau\/wp-json\/wp\/v2\/posts\/2035","targetHints":{"allow":["GET"]}}],"collection":[{"href":"https:\/\/agora.xtec.cat\/esc-elpalau\/wp-json\/wp\/v2\/posts"}],"about":[{"href":"https:\/\/agora.xtec.cat\/esc-elpalau\/wp-json\/wp\/v2\/types\/post"}],"author":[{"embeddable":true,"href":"https:\/\/agora.xtec.cat\/esc-elpalau\/wp-json\/wp\/v2\/users\/18"}],"replies":[{"embeddable":true,"href":"https:\/\/agora.xtec.cat\/esc-elpalau\/wp-json\/wp\/v2\/comments?post=2035"}],"version-history":[{"count":3,"href":"https:\/\/agora.xtec.cat\/esc-elpalau\/wp-json\/wp\/v2\/posts\/2035\/revisions"}],"predecessor-version":[{"id":2039,"href":"https:\/\/agora.xtec.cat\/esc-elpalau\/wp-json\/wp\/v2\/posts\/2035\/revisions\/2039"}],"wp:featuredmedia":[{"embeddable":true,"href":"https:\/\/agora.xtec.cat\/esc-elpalau\/wp-json\/wp\/v2\/media\/2038"}],"wp:attachment":[{"href":"https:\/\/agora.xtec.cat\/esc-elpalau\/wp-json\/wp\/v2\/media?parent=2035"}],"wp:term":[{"taxonomy":"category","embeddable":true,"href":"https:\/\/agora.xtec.cat\/esc-elpalau\/wp-json\/wp\/v2\/categories?post=2035"},{"taxonomy":"post_tag","embeddable":true,"href":"https:\/\/agora.xtec.cat\/esc-elpalau\/wp-json\/wp\/v2\/tags?post=2035"}],"curies":[{"name":"wp","href":"https:\/\/api.w.org\/{rel}","templated":true}]}}