{"id":2010,"date":"2020-12-04T22:09:04","date_gmt":"2020-12-04T21:09:04","guid":{"rendered":"http:\/\/agora.xtec.cat\/esc-elpalau\/?p=2010"},"modified":"2020-12-04T22:10:46","modified_gmt":"2020-12-04T21:10:46","slug":"els-grans-de-lescola-reflexionen-sobre-els-cicles-de-la-vida","status":"publish","type":"post","link":"https:\/\/agora.xtec.cat\/esc-elpalau\/general\/biblioteca\/els-grans-de-lescola-reflexionen-sobre-els-cicles-de-la-vida\/","title":{"rendered":"Els grans de l&#8217;escola reflexionen sobre els cicles de la vida"},"content":{"rendered":"<p>Mirant la natura, a nosaltres mateixos, ens adonem que la vida \u00e9s plena de cicles. En realitat res comen\u00e7a i res acaba, la vida segueix el seu ritme i tot i aix\u00ed cada vegada que un cicle acaba el m\u00f3n canvia. I reflexionar sobre qu\u00e8 i com som \u00e9s el que han fet els alumnes m\u00e9s grans de l&#8217;escola. Mireu, mireu &#8230;<\/p>\n<p>https:\/\/youtu.be\/eQ1t6S7sd5Q<\/p>\n","protected":false},"excerpt":{"rendered":"<p>Mirant la natura, a nosaltres mateixos, ens adonem que la vida \u00e9s plena de cicles. En realitat res comen\u00e7a i res acaba, la vida segueix el seu ritme i tot i aix\u00ed cada vegada que un cicle acaba el m\u00f3n canvia. I reflexionar sobre qu\u00e8&hellip;  <a href=\"https:\/\/agora.xtec.cat\/esc-elpalau\/general\/biblioteca\/els-grans-de-lescola-reflexionen-sobre-els-cicles-de-la-vida\/\" title=\"Read Els grans de l&#8217;escola reflexionen sobre els cicles de la vida\">Llegeix m\u00e9s\u00bb<\/a><\/p>\n","protected":false},"author":1,"featured_media":2011,"comment_status":"open","ping_status":"closed","sticky":false,"template":"","format":"standard","meta":{"_bbp_topic_count":0,"_bbp_reply_count":0,"_bbp_total_topic_count":0,"_bbp_total_reply_count":0,"_bbp_voice_count":0,"_bbp_anonymous_reply_count":0,"_bbp_topic_count_hidden":0,"_bbp_reply_count_hidden":0,"_bbp_forum_subforum_count":0,"footnotes":""},"categories":[128],"tags":[],"class_list":["post-2010","post","type-post","status-publish","format-standard","has-post-thumbnail","hentry","category-biblioteca"],"post_mailing_queue_ids":[],"_links":{"self":[{"href":"https:\/\/agora.xtec.cat\/esc-elpalau\/wp-json\/wp\/v2\/posts\/2010","targetHints":{"allow":["GET"]}}],"collection":[{"href":"https:\/\/agora.xtec.cat\/esc-elpalau\/wp-json\/wp\/v2\/posts"}],"about":[{"href":"https:\/\/agora.xtec.cat\/esc-elpalau\/wp-json\/wp\/v2\/types\/post"}],"author":[{"embeddable":true,"href":"https:\/\/agora.xtec.cat\/esc-elpalau\/wp-json\/wp\/v2\/users\/1"}],"replies":[{"embeddable":true,"href":"https:\/\/agora.xtec.cat\/esc-elpalau\/wp-json\/wp\/v2\/comments?post=2010"}],"version-history":[{"count":2,"href":"https:\/\/agora.xtec.cat\/esc-elpalau\/wp-json\/wp\/v2\/posts\/2010\/revisions"}],"predecessor-version":[{"id":2013,"href":"https:\/\/agora.xtec.cat\/esc-elpalau\/wp-json\/wp\/v2\/posts\/2010\/revisions\/2013"}],"wp:featuredmedia":[{"embeddable":true,"href":"https:\/\/agora.xtec.cat\/esc-elpalau\/wp-json\/wp\/v2\/media\/2011"}],"wp:attachment":[{"href":"https:\/\/agora.xtec.cat\/esc-elpalau\/wp-json\/wp\/v2\/media?parent=2010"}],"wp:term":[{"taxonomy":"category","embeddable":true,"href":"https:\/\/agora.xtec.cat\/esc-elpalau\/wp-json\/wp\/v2\/categories?post=2010"},{"taxonomy":"post_tag","embeddable":true,"href":"https:\/\/agora.xtec.cat\/esc-elpalau\/wp-json\/wp\/v2\/tags?post=2010"}],"curies":[{"name":"wp","href":"https:\/\/api.w.org\/{rel}","templated":true}]}}