{"id":1869,"date":"2020-09-14T17:05:26","date_gmt":"2020-09-14T15:05:26","guid":{"rendered":"http:\/\/agora.xtec.cat\/esc-elpalau\/?p=1869"},"modified":"2020-09-14T17:12:05","modified_gmt":"2020-09-14T15:12:05","slug":"benvinguda-al-curs-20-21","status":"publish","type":"post","link":"https:\/\/agora.xtec.cat\/esc-elpalau\/general\/benvinguda-al-curs-20-21\/","title":{"rendered":"BENVINGUDA AL CURS 20-21"},"content":{"rendered":"<p>Aquest mat\u00ed hem rebut amb molta il\u00b7lusi\u00f3 els nens i nenes. Ten\u00edem moltes ganes de veure\u2019ls i ens hem adonat que ells a nosaltres tamb\u00e9.<\/p>\n<p>Per damunt del covid hem vist les ganes de con\u00e8ixer la mestra, els companys nous i les papallones a la panxa del primer dia.<\/p>\n<p>Agrair la feina feta a casa perqu\u00e8 tots venien molt conscienciats pel que fa a les mesures de prevenci\u00f3. En un dia que es preveia dif\u00edcil una vegada m\u00e9s els nens i nenes ens han donat una bona lli\u00e7\u00f3 i ens han demostrat la seva capacitat d\u2019adaptar-se a la nova situaci\u00f3.<\/p>\n<p>Desitj\u00e0vem una tornada\u00a0<strong>tranquil\u00b7la i amb calma <\/strong>als centres perqu\u00e8 els nens i nenes necessiten<strong>\u00a0retrobar-se amb els seus companys<\/strong>\u00a0i<strong>\u00a0reprendre el vincle amb els seus tutors<\/strong>.<\/p>\n<p><strong>Hem treballat molt durant l\u2019estiu i continuarem treballant perqu\u00e8 tot surti b\u00e9 i evitar que tanquin l\u2019escola<\/strong>.<\/p>\n<p><strong>Clica la imatge<\/strong><\/p>\n<p><a href=\"https:\/\/youtu.be\/57GVLJxccOg\"><img loading=\"lazy\" decoding=\"async\" class=\"wp-image-1871 aligncenter\" src=\"https:\/\/agora.xtec.cat\/esc-elpalau\/wp-content\/uploads\/usu1480\/2020\/09\/ABRA\u00c7ADES-1024x1024.jpg\" alt=\"\" width=\"472\" height=\"471\" srcset=\"https:\/\/agora.xtec.cat\/esc-elpalau\/wp-content\/uploads\/usu1480\/2020\/09\/ABRA\u00c7ADES-1024x1024.jpg 1024w, https:\/\/agora.xtec.cat\/esc-elpalau\/wp-content\/uploads\/usu1480\/2020\/09\/ABRA\u00c7ADES-150x150.jpg 150w, https:\/\/agora.xtec.cat\/esc-elpalau\/wp-content\/uploads\/usu1480\/2020\/09\/ABRA\u00c7ADES-300x300.jpg 300w, https:\/\/agora.xtec.cat\/esc-elpalau\/wp-content\/uploads\/usu1480\/2020\/09\/ABRA\u00c7ADES-768x768.jpg 768w\" sizes=\"auto, (max-width: 472px) 100vw, 472px\" \/><\/a><\/p>\n","protected":false},"excerpt":{"rendered":"<p>Aquest mat\u00ed hem rebut amb molta il\u00b7lusi\u00f3 els nens i nenes. Ten\u00edem moltes ganes de veure\u2019ls i ens hem adonat que ells a nosaltres tamb\u00e9.<br \/>\nPer damunt del covid hem vist les ganes de con\u00e8ixer la mestra, els companys nous i les papallones a la panxa&hellip;  <a href=\"https:\/\/agora.xtec.cat\/esc-elpalau\/general\/benvinguda-al-curs-20-21\/\" title=\"Read BENVINGUDA AL CURS 20-21\">Llegeix m\u00e9s\u00bb<\/a><\/p>\n","protected":false},"author":1,"featured_media":1871,"comment_status":"open","ping_status":"closed","sticky":false,"template":"","format":"standard","meta":{"_bbp_topic_count":0,"_bbp_reply_count":0,"_bbp_total_topic_count":0,"_bbp_total_reply_count":0,"_bbp_voice_count":0,"_bbp_anonymous_reply_count":0,"_bbp_topic_count_hidden":0,"_bbp_reply_count_hidden":0,"_bbp_forum_subforum_count":0,"footnotes":""},"categories":[1,4],"tags":[],"class_list":["post-1869","post","type-post","status-publish","format-standard","has-post-thumbnail","hentry","category-general","category-portada"],"post_mailing_queue_ids":[],"_links":{"self":[{"href":"https:\/\/agora.xtec.cat\/esc-elpalau\/wp-json\/wp\/v2\/posts\/1869","targetHints":{"allow":["GET"]}}],"collection":[{"href":"https:\/\/agora.xtec.cat\/esc-elpalau\/wp-json\/wp\/v2\/posts"}],"about":[{"href":"https:\/\/agora.xtec.cat\/esc-elpalau\/wp-json\/wp\/v2\/types\/post"}],"author":[{"embeddable":true,"href":"https:\/\/agora.xtec.cat\/esc-elpalau\/wp-json\/wp\/v2\/users\/1"}],"replies":[{"embeddable":true,"href":"https:\/\/agora.xtec.cat\/esc-elpalau\/wp-json\/wp\/v2\/comments?post=1869"}],"version-history":[{"count":4,"href":"https:\/\/agora.xtec.cat\/esc-elpalau\/wp-json\/wp\/v2\/posts\/1869\/revisions"}],"predecessor-version":[{"id":1876,"href":"https:\/\/agora.xtec.cat\/esc-elpalau\/wp-json\/wp\/v2\/posts\/1869\/revisions\/1876"}],"wp:featuredmedia":[{"embeddable":true,"href":"https:\/\/agora.xtec.cat\/esc-elpalau\/wp-json\/wp\/v2\/media\/1871"}],"wp:attachment":[{"href":"https:\/\/agora.xtec.cat\/esc-elpalau\/wp-json\/wp\/v2\/media?parent=1869"}],"wp:term":[{"taxonomy":"category","embeddable":true,"href":"https:\/\/agora.xtec.cat\/esc-elpalau\/wp-json\/wp\/v2\/categories?post=1869"},{"taxonomy":"post_tag","embeddable":true,"href":"https:\/\/agora.xtec.cat\/esc-elpalau\/wp-json\/wp\/v2\/tags?post=1869"}],"curies":[{"name":"wp","href":"https:\/\/api.w.org\/{rel}","templated":true}]}}