{"id":1792,"date":"2020-05-07T12:15:44","date_gmt":"2020-05-07T10:15:44","guid":{"rendered":"http:\/\/agora.xtec.cat\/esc-elpalau\/?p=1792"},"modified":"2020-06-17T12:49:17","modified_gmt":"2020-06-17T10:49:17","slug":"dia-de-les-matematiques-escolars-2020","status":"publish","type":"post","link":"https:\/\/agora.xtec.cat\/esc-elpalau\/general\/dia-de-les-matematiques-escolars-2020\/","title":{"rendered":"DIA DE LES MATEM\u00c0TIQUES ESCOLARS 2020"},"content":{"rendered":"<p>La comissi\u00f3 de biblioteca de l&#8217;escola ens ha fet un regal pel dia de les matem\u00e0tiques. Diuen que en els contes tamb\u00e9 en trobem de matem\u00e0tiques! No us ho perdeu.<\/p>\n<p><iframe loading=\"lazy\" title=\"A casa som\" width=\"500\" height=\"281\" src=\"https:\/\/www.youtube.com\/embed\/TTZBi9UcTW8?feature=oembed\" frameborder=\"0\" allow=\"accelerometer; autoplay; clipboard-write; encrypted-media; gyroscope; picture-in-picture; web-share\" referrerpolicy=\"strict-origin-when-cross-origin\" allowfullscreen><\/iframe><\/p>\n","protected":false},"excerpt":{"rendered":"<p>La comissi\u00f3 de biblioteca de l&#8217;escola ens ha fet un regal pel dia de les matem\u00e0tiques. Diuen que en els contes tamb\u00e9 en trobem de matem\u00e0tiques! No us ho perdeu.<\/p>\n","protected":false},"author":1,"featured_media":0,"comment_status":"open","ping_status":"closed","sticky":false,"template":"","format":"standard","meta":{"_bbp_topic_count":0,"_bbp_reply_count":0,"_bbp_total_topic_count":0,"_bbp_total_reply_count":0,"_bbp_voice_count":0,"_bbp_anonymous_reply_count":0,"_bbp_topic_count_hidden":0,"_bbp_reply_count_hidden":0,"_bbp_forum_subforum_count":0,"footnotes":""},"categories":[128,1,4],"tags":[],"class_list":["post-1792","post","type-post","status-publish","format-standard","hentry","category-biblioteca","category-general","category-portada"],"post_mailing_queue_ids":[],"_links":{"self":[{"href":"https:\/\/agora.xtec.cat\/esc-elpalau\/wp-json\/wp\/v2\/posts\/1792","targetHints":{"allow":["GET"]}}],"collection":[{"href":"https:\/\/agora.xtec.cat\/esc-elpalau\/wp-json\/wp\/v2\/posts"}],"about":[{"href":"https:\/\/agora.xtec.cat\/esc-elpalau\/wp-json\/wp\/v2\/types\/post"}],"author":[{"embeddable":true,"href":"https:\/\/agora.xtec.cat\/esc-elpalau\/wp-json\/wp\/v2\/users\/1"}],"replies":[{"embeddable":true,"href":"https:\/\/agora.xtec.cat\/esc-elpalau\/wp-json\/wp\/v2\/comments?post=1792"}],"version-history":[{"count":3,"href":"https:\/\/agora.xtec.cat\/esc-elpalau\/wp-json\/wp\/v2\/posts\/1792\/revisions"}],"predecessor-version":[{"id":1802,"href":"https:\/\/agora.xtec.cat\/esc-elpalau\/wp-json\/wp\/v2\/posts\/1792\/revisions\/1802"}],"wp:attachment":[{"href":"https:\/\/agora.xtec.cat\/esc-elpalau\/wp-json\/wp\/v2\/media?parent=1792"}],"wp:term":[{"taxonomy":"category","embeddable":true,"href":"https:\/\/agora.xtec.cat\/esc-elpalau\/wp-json\/wp\/v2\/categories?post=1792"},{"taxonomy":"post_tag","embeddable":true,"href":"https:\/\/agora.xtec.cat\/esc-elpalau\/wp-json\/wp\/v2\/tags?post=1792"}],"curies":[{"name":"wp","href":"https:\/\/api.w.org\/{rel}","templated":true}]}}