{"id":1755,"date":"2020-05-19T12:15:27","date_gmt":"2020-05-19T10:15:27","guid":{"rendered":"http:\/\/agora.xtec.cat\/esc-elpalau\/?p=1755"},"modified":"2020-05-31T22:42:11","modified_gmt":"2020-05-31T20:42:11","slug":"graella-resum-proces-de-preinscripcio-i-matricula","status":"publish","type":"post","link":"https:\/\/agora.xtec.cat\/esc-elpalau\/general\/graella-resum-proces-de-preinscripcio-i-matricula\/","title":{"rendered":"GRAELLA RESUM PROC\u00c9S DE PREINSCRIPCI\u00d3 I MATR\u00cdCULA\u00a0"},"content":{"rendered":"<p>&nbsp;<\/p>\n<table class=\" aligncenter\" style=\"width: 763px;\">\n<tbody>\n<tr>\n<td style=\"width: 757px; text-align: left;\" colspan=\"2\">\n<h5 style=\"text-align: center;\"><strong>PROC\u00c9S DE PREINSCRIPCI\u00d3 I MATR\u00cdCULA<\/strong><\/h5>\n<\/td>\n<\/tr>\n<tr>\n<td style=\"width: 757px; text-align: left;\" colspan=\"2\"><strong>Mail<\/strong>: a8021351@xtec.cat<\/p>\n<p><strong>Web:<\/strong> <a href=\"https:\/\/agora.xtec.cat\/esc-elpalau\/\">https:\/\/agora.xtec.cat\/esc-elpalau\/<\/a><\/p>\n<p><strong>Twitter<\/strong>: <a href=\"https:\/\/twitter.com\/EscolaelPalau\">https:\/\/twitter.com\/EscolaelPalau<\/a><\/td>\n<\/tr>\n<tr>\n<td style=\"width: 757px; text-align: center;\" colspan=\"2\">\n<h5><strong><a href=\"http:\/\/ensenyament.gencat.cat\/ca\/tramits\/tramits-temes\/20483_preinscripcio_escolar?moda=1\">Enlla\u00e7 formulari preinscripci\u00f3 <\/a>(telem\u00e0tica)<\/strong><\/h5>\n<\/td>\n<\/tr>\n<tr>\n<td style=\"width: 757px; text-align: left;\" colspan=\"2\"><strong>El Decret 75\/2007, de 27 de mar\u00e7, pel qual s&#8217;estableix el procediment d&#8217;admissi\u00f3 de l&#8217;alumnat als centres en els ensenyaments sufragats amb fons p\u00fablics i la Resoluci\u00f3 EDU\/576\/2020, de 28 de febrer, per la qual s&#8217;aproven les normes de preinscripci\u00f3 i matr\u00edcula d&#8217;alumnes als centres del Servei d&#8217;Educaci\u00f3 de Catalunya i altres centres educatius, en els diversos ensenyaments sostinguts amb fons p\u00fablics, per al curs 2020-2021.<\/strong><\/td>\n<\/tr>\n<tr>\n<td style=\"width: 757px; text-align: left;\" colspan=\"2\">\n<h5 style=\"text-align: center;\"><strong>CANVIS EN EL PROCEDIMENT DE PREINSCRIPCI\u00d3 I MATR\u00cdCULA<\/strong><\/h5>\n<\/td>\n<\/tr>\n<tr>\n<td style=\"width: 307px; text-align: left;\"><strong>Sobre la presentaci\u00f3 de la <a href=\"http:\/\/ensenyament.gencat.cat\/ca\/tramits\/tramits-temes\/20483_preinscripcio_escolar?moda=1\">sol\u00b7licitud de preinscripci\u00f3 <span style=\"text-decoration: underline;\">telem\u00e0tica<\/span><\/a><\/strong><\/td>\n<td style=\"width: 448px; text-align: left;\"><strong>Del 13 al 22 de maig ambd\u00f3s inclosos<\/strong><\/p>\n<p>Per tal de reduir la pres\u00e8ncia de les fam\u00edlies en els centres educatius, es promou l\u2019\u00fas de la sol\u00b7licitud en suport inform\u00e0tic.<\/p>\n<p>S\u2019elimina la necessitat de presentar la sol\u00b7licitud i la documentaci\u00f3 en paper al centre, i queda substitu\u00efda per l\u2019enviament del resguard de la sol\u00b7licitud i la documentaci\u00f3 necess\u00e0ria, escanejada o fotografiada, mitjan\u00e7ant un correu a la b\u00fastia electr\u00f2nica oficial del centre demanat en primera opci\u00f3.<\/td>\n<\/tr>\n<tr>\n<td style=\"width: 307px; text-align: left;\"><strong>Sobre la presentaci\u00f3 de la <a href=\"https:\/\/agora.xtec.cat\/esc-elpalau\/wp-content\/uploads\/usu1480\/2020\/05\/Formulari-de-preinscripci\u00f3.pdf\">sol\u00b7licitud de preinscripci\u00f3 presencial<\/a><\/strong><\/p>\n<p>&nbsp;<\/p>\n<p>(Cal demanar <a href=\"https:\/\/aplicacions.gestioeducativa.gencat.cat\/pls\/apex\/f?p=CITA_PREVIA:4::::4:P4_TIPUS_CALENDARI,P4_DOMINI:01_Oblig,08021351\">cita pr\u00e8via<\/a> amb antelaci\u00f3)<\/td>\n<td style=\"width: 448px; text-align: left;\"><strong>Del 19 al 22 de maig ambd\u00f3s inclosos<\/strong><\/p>\n<p>De manera <strong>excepcional<\/strong>, per als casos en qu\u00e8 els sol\u00b7licitants no puguin fer la presentaci\u00f3\u00a0 telem\u00e0tica. La presentaci\u00f3 de sol\u00b7licituds es far\u00e0 amb <u>cita pr\u00e8via<\/u> per a l\u2019acc\u00e9s al centre.<\/p>\n<p><a href=\"https:\/\/aplicacions.gestioeducativa.gencat.cat\/pls\/apex\/f?p=CITA_PREVIA:4::::4:P4_TIPUS_CALENDARI,P4_DOMINI:01_Oblig,08021351\"><strong>Enlla\u00e7 cita pr\u00e8via<\/strong> <\/a><\/p>\n<p>Horari d\u2019atenci\u00f3 al p\u00fablic: de <strong>9\u201930h a 12\u201930h<\/strong><\/p>\n<p>Es recomana portar el seu propi bol\u00edgraf, guants i mascareta.<\/td>\n<\/tr>\n<tr>\n<td style=\"width: 307px; text-align: left;\"><strong>Validaci\u00f3 de la sol\u00b7licitud i la comprovaci\u00f3 de la documentaci\u00f3 acreditativa.<\/strong><\/td>\n<td style=\"width: 448px; text-align: left;\">En els sup\u00f2sits de presentaci\u00f3 de les sol\u00b7licituds de forma telem\u00e0tica, el centre ha de comprovar amb especial dilig\u00e8ncia la documentaci\u00f3 identificativa i acreditativa dels criteris de prioritat\u00a0 que s\u2019hagi rebut per correu electr\u00f2nic, escanejada o fotografiada.<\/td>\n<\/tr>\n<tr>\n<td style=\"width: 757px; text-align: left;\" colspan=\"2\">\n<p style=\"text-align: center;\"><strong>El centre enviar\u00e0 un correu de resposta com a justificant de recepci\u00f3 de la reclamaci\u00f3.<\/strong><\/p>\n<\/td>\n<\/tr>\n<tr>\n<td style=\"width: 307px; text-align: left;\"><strong>Publicaci\u00f3 de les <a href=\"http:\/\/agora.xtec.cat\/esc-elpalau\/general\/preinscripcio-20-21-barem-provisional\/\">llistes amb el barem provisional<\/a> i de les llistes d\u2019assignacions i d\u2019espera.<\/strong><\/td>\n<td style=\"width: 448px; text-align: left;\"><strong>29 de maig<\/strong><\/p>\n<p>Al web del centre es publicaran les dades personals dels sol\u00b7licitants anonimitzades.<\/p>\n<p>La consulta individual de les dades tamb\u00e9 es podr\u00e0 fer des de la web de l\u2019Estudiar a Catalunya.<\/td>\n<\/tr>\n<tr>\n<td style=\"width: 307px; text-align: left;\"><strong>Sobre les reclamacions a la llista de barem provisional.<\/strong><\/td>\n<td style=\"width: 448px; text-align: left;\"><strong>Del 2 al 5 de juny<\/strong><\/p>\n<p>La presentaci\u00f3 de reclamacions a les dades publicades en la llista de barem provisional es far\u00e0, de manera general, mitjan\u00e7ant un correu electr\u00f2nic a la b\u00fastia electr\u00f2nica oficial del centre.<\/p>\n<p>El centre ha d\u2019enviar un correu de resposta com a justificant de recepci\u00f3 de la reclamaci\u00f3.<\/td>\n<\/tr>\n<tr>\n<td style=\"width: 307px; text-align: left;\"><strong>Publicaci\u00f3 llistes definitives un cop resoltes les reclamacions<\/strong><\/td>\n<td style=\"width: 448px; text-align: left;\"><strong>9 de juny<\/strong><\/td>\n<\/tr>\n<tr>\n<td style=\"width: 307px; text-align: left;\"><strong>Sorteig\u00a0<\/strong><\/td>\n<td style=\"width: 448px; text-align: left;\"><strong>9 de juny<\/strong><\/td>\n<\/tr>\n<tr>\n<td style=\"width: 307px; text-align: left;\"><strong>Publicaci\u00f3 llistes definitives ordenades per barem<\/strong><\/td>\n<td style=\"width: 448px; text-align: left;\"><strong>11 de juny<\/strong><\/td>\n<\/tr>\n<tr>\n<td style=\"width: 307px; text-align: left;\"><strong>Publicaci\u00f3 de llistes d&#8217;assignaci\u00f3 i llista d&#8217;espera.<\/strong><\/td>\n<td style=\"width: 448px; text-align: left;\"><strong>7 de juliol<\/strong><\/td>\n<\/tr>\n<tr>\n<td style=\"width: 757px; text-align: left;\" colspan=\"2\">Tamb\u00e9 es podr\u00e0 substituir la gesti\u00f3 presencial per una confirmaci\u00f3 de matr\u00edcula i l\u2019enviament de la documentaci\u00f3 necess\u00e0ria a trav\u00e9s d\u2019un correu electr\u00f2nic a la b\u00fastia oficial del centre. En aquest cas, el centre ha de respondre al correu de confirmaci\u00f3, com a justificant de la formalitzaci\u00f3 de la matr\u00edcula.<\/td>\n<\/tr>\n<\/tbody>\n<\/table>\n<p>&nbsp;<\/p>\n","protected":false},"excerpt":{"rendered":"<p>&nbsp;<\/p>\n<p>PROC\u00c9S DE PREINSCRIPCI\u00d3 I MATR\u00cdCULA<\/p>\n<p>Mail: a8021351@xtec.cat<br \/>\nWeb: <a href=\"https:\/\/agora.xtec.cat\/esc-elpalau\/\">https:\/\/agora.xtec.cat\/esc-elpalau\/<\/a><br \/>\nTwitter: <a href=\"https:\/\/twitter.com\/EscolaelPalau\">https:\/\/twitter.com\/EscolaelPalau<\/a><\/p>\n<p><a href=\"http:\/\/ensenyament.gencat.cat\/ca\/tramits\/tramits-temes\/20483_preinscripcio_escolar?moda=1\">Enlla\u00e7 formulari preinscripci\u00f3 <\/a>(telem\u00e0tica)<\/p>\n<p>El Decret 75\/2007, de 27 de mar\u00e7, pel qual s&#8217;estableix el procediment d&#8217;admissi\u00f3 de l&#8217;alumnat als centres en els ensenyaments sufragats amb fons p\u00fablics i la Resoluci\u00f3 EDU\/576\/2020, de 28 de febrer,&hellip;  <a href=\"https:\/\/agora.xtec.cat\/esc-elpalau\/general\/graella-resum-proces-de-preinscripcio-i-matricula\/\" title=\"Read GRAELLA RESUM PROC\u00c9S DE PREINSCRIPCI\u00d3 I MATR\u00cdCULA\u00a0\">Llegeix m\u00e9s\u00bb<\/a><\/p>\n","protected":false},"author":1,"featured_media":0,"comment_status":"open","ping_status":"closed","sticky":false,"template":"","format":"standard","meta":{"_bbp_topic_count":0,"_bbp_reply_count":0,"_bbp_total_topic_count":0,"_bbp_total_reply_count":0,"_bbp_voice_count":0,"_bbp_anonymous_reply_count":0,"_bbp_topic_count_hidden":0,"_bbp_reply_count_hidden":0,"_bbp_forum_subforum_count":0,"footnotes":""},"categories":[1,4],"tags":[],"class_list":["post-1755","post","type-post","status-publish","format-standard","hentry","category-general","category-portada"],"post_mailing_queue_ids":[],"_links":{"self":[{"href":"https:\/\/agora.xtec.cat\/esc-elpalau\/wp-json\/wp\/v2\/posts\/1755","targetHints":{"allow":["GET"]}}],"collection":[{"href":"https:\/\/agora.xtec.cat\/esc-elpalau\/wp-json\/wp\/v2\/posts"}],"about":[{"href":"https:\/\/agora.xtec.cat\/esc-elpalau\/wp-json\/wp\/v2\/types\/post"}],"author":[{"embeddable":true,"href":"https:\/\/agora.xtec.cat\/esc-elpalau\/wp-json\/wp\/v2\/users\/1"}],"replies":[{"embeddable":true,"href":"https:\/\/agora.xtec.cat\/esc-elpalau\/wp-json\/wp\/v2\/comments?post=1755"}],"version-history":[{"count":3,"href":"https:\/\/agora.xtec.cat\/esc-elpalau\/wp-json\/wp\/v2\/posts\/1755\/revisions"}],"predecessor-version":[{"id":1809,"href":"https:\/\/agora.xtec.cat\/esc-elpalau\/wp-json\/wp\/v2\/posts\/1755\/revisions\/1809"}],"wp:attachment":[{"href":"https:\/\/agora.xtec.cat\/esc-elpalau\/wp-json\/wp\/v2\/media?parent=1755"}],"wp:term":[{"taxonomy":"category","embeddable":true,"href":"https:\/\/agora.xtec.cat\/esc-elpalau\/wp-json\/wp\/v2\/categories?post=1755"},{"taxonomy":"post_tag","embeddable":true,"href":"https:\/\/agora.xtec.cat\/esc-elpalau\/wp-json\/wp\/v2\/tags?post=1755"}],"curies":[{"name":"wp","href":"https:\/\/api.w.org\/{rel}","templated":true}]}}