{"id":1544,"date":"2020-03-09T12:30:12","date_gmt":"2020-03-09T11:30:12","guid":{"rendered":"http:\/\/agora.xtec.cat\/esc-elpalau\/?p=1544"},"modified":"2020-03-10T11:53:32","modified_gmt":"2020-03-10T10:53:32","slug":"els-camells-tambe-visiten-lestol","status":"publish","type":"post","link":"https:\/\/agora.xtec.cat\/esc-elpalau\/general\/els-camells-tambe-visiten-lestol\/","title":{"rendered":"Els Camells tamb\u00e9 visiten l&#8217;Estol&#8230;"},"content":{"rendered":"<p>Els infants de la classe del Camell tamb\u00e9 passaran un dia a la casa de col\u00f2nies de l&#8217;Estol en companyia dels Cucs de P-4 i els Matossers de P-5.<br \/>\nAqu\u00ed podeu veure m\u00e9s informaci\u00f3 sobre aquesta sortida tan divertida!!<\/p>\n<p><iframe loading=\"lazy\" src=\"https:\/\/docs.google.com\/presentation\/d\/e\/2PACX-1vR6Qft4JsZWgGYNykSg9godwidjiwJ0G_x-bnHkQ6Y0fx0JKZG3_3arPgAf0iQBVQ\/embed?start=true&amp;loop=true&amp;delayms=3000\" width=\"960\" height=\"749\" frameborder=\"0\"><\/iframe><\/p>\n","protected":false},"excerpt":{"rendered":"<p>Els infants de la classe del Camell tamb\u00e9 passaran un dia a la casa de col\u00f2nies de l&#8217;Estol en companyia dels Cucs de P-4 i els Matossers de P-5.<br \/>\nAqu\u00ed podeu veure m\u00e9s informaci\u00f3 sobre aquesta sortida tan divertida!!<\/p>\n","protected":false},"author":18,"featured_media":0,"comment_status":"open","ping_status":"closed","sticky":false,"template":"","format":"standard","meta":{"_bbp_topic_count":0,"_bbp_reply_count":0,"_bbp_total_topic_count":0,"_bbp_total_reply_count":0,"_bbp_voice_count":0,"_bbp_anonymous_reply_count":0,"_bbp_topic_count_hidden":0,"_bbp_reply_count_hidden":0,"_bbp_forum_subforum_count":0,"footnotes":""},"categories":[1,4],"tags":[],"class_list":["post-1544","post","type-post","status-publish","format-standard","hentry","category-general","category-portada"],"post_mailing_queue_ids":[],"_links":{"self":[{"href":"https:\/\/agora.xtec.cat\/esc-elpalau\/wp-json\/wp\/v2\/posts\/1544","targetHints":{"allow":["GET"]}}],"collection":[{"href":"https:\/\/agora.xtec.cat\/esc-elpalau\/wp-json\/wp\/v2\/posts"}],"about":[{"href":"https:\/\/agora.xtec.cat\/esc-elpalau\/wp-json\/wp\/v2\/types\/post"}],"author":[{"embeddable":true,"href":"https:\/\/agora.xtec.cat\/esc-elpalau\/wp-json\/wp\/v2\/users\/18"}],"replies":[{"embeddable":true,"href":"https:\/\/agora.xtec.cat\/esc-elpalau\/wp-json\/wp\/v2\/comments?post=1544"}],"version-history":[{"count":3,"href":"https:\/\/agora.xtec.cat\/esc-elpalau\/wp-json\/wp\/v2\/posts\/1544\/revisions"}],"predecessor-version":[{"id":1549,"href":"https:\/\/agora.xtec.cat\/esc-elpalau\/wp-json\/wp\/v2\/posts\/1544\/revisions\/1549"}],"wp:attachment":[{"href":"https:\/\/agora.xtec.cat\/esc-elpalau\/wp-json\/wp\/v2\/media?parent=1544"}],"wp:term":[{"taxonomy":"category","embeddable":true,"href":"https:\/\/agora.xtec.cat\/esc-elpalau\/wp-json\/wp\/v2\/categories?post=1544"},{"taxonomy":"post_tag","embeddable":true,"href":"https:\/\/agora.xtec.cat\/esc-elpalau\/wp-json\/wp\/v2\/tags?post=1544"}],"curies":[{"name":"wp","href":"https:\/\/api.w.org\/{rel}","templated":true}]}}