{"id":1442,"date":"2020-01-31T12:39:26","date_gmt":"2020-01-31T11:39:26","guid":{"rendered":"http:\/\/agora.xtec.cat\/esc-elpalau\/?p=1442"},"modified":"2020-01-31T12:39:26","modified_gmt":"2020-01-31T11:39:26","slug":"visitem-la-fundacio-miro","status":"publish","type":"post","link":"https:\/\/agora.xtec.cat\/esc-elpalau\/infantil\/visitem-la-fundacio-miro\/","title":{"rendered":"VISITEM LA FUNDACI\u00d3 MIR\u00d3"},"content":{"rendered":"<p>El passat 24 de gener vam anar a la Fundaci\u00f3 Mir\u00f3 per descobrir les fant\u00e0stiques pintures i escultures d&#8217;aquest artista. Ens van agradar, ens van emocionar i vam aprendre molt sobre art i sobre el nostre personatge.<\/p>\n<p>A partir de la visita a la fundaci\u00f3 vam realitzar dues sessions de tallers amb diferents activitats pl\u00e0stiques amb les que vam gaudir molt.<\/p>\n<p><iframe loading=\"lazy\" width=\"560\" height=\"315\" src=\"https:\/\/www.youtube.com\/embed\/kfO18n-HJFU\" frameborder=\"0\"><\/iframe><\/p>\n<p><iframe loading=\"lazy\" width=\"560\" height=\"315\" src=\"https:\/\/www.youtube.com\/embed\/yaOAFN99dW0\" frameborder=\"0\"><\/iframe><\/p>\n","protected":false},"excerpt":{"rendered":"<p>El passat 24 de gener vam anar a la Fundaci\u00f3 Mir\u00f3 per descobrir les fant\u00e0stiques pintures i escultures d&#8217;aquest artista. Ens van agradar, ens van emocionar i vam aprendre molt sobre art i sobre el nostre personatge.<br \/>\nA partir de la visita a la fundaci\u00f3 vam&hellip;  <a href=\"https:\/\/agora.xtec.cat\/esc-elpalau\/infantil\/visitem-la-fundacio-miro\/\" title=\"Read VISITEM LA FUNDACI\u00d3 MIR\u00d3\">Llegeix m\u00e9s\u00bb<\/a><\/p>\n","protected":false},"author":18,"featured_media":0,"comment_status":"open","ping_status":"closed","sticky":false,"template":"","format":"standard","meta":{"_bbp_topic_count":0,"_bbp_reply_count":0,"_bbp_total_topic_count":0,"_bbp_total_reply_count":0,"_bbp_voice_count":0,"_bbp_anonymous_reply_count":0,"_bbp_topic_count_hidden":0,"_bbp_reply_count_hidden":0,"_bbp_forum_subforum_count":0,"footnotes":""},"categories":[2],"tags":[],"class_list":["post-1442","post","type-post","status-publish","format-standard","hentry","category-infantil"],"post_mailing_queue_ids":[],"_links":{"self":[{"href":"https:\/\/agora.xtec.cat\/esc-elpalau\/wp-json\/wp\/v2\/posts\/1442","targetHints":{"allow":["GET"]}}],"collection":[{"href":"https:\/\/agora.xtec.cat\/esc-elpalau\/wp-json\/wp\/v2\/posts"}],"about":[{"href":"https:\/\/agora.xtec.cat\/esc-elpalau\/wp-json\/wp\/v2\/types\/post"}],"author":[{"embeddable":true,"href":"https:\/\/agora.xtec.cat\/esc-elpalau\/wp-json\/wp\/v2\/users\/18"}],"replies":[{"embeddable":true,"href":"https:\/\/agora.xtec.cat\/esc-elpalau\/wp-json\/wp\/v2\/comments?post=1442"}],"version-history":[{"count":1,"href":"https:\/\/agora.xtec.cat\/esc-elpalau\/wp-json\/wp\/v2\/posts\/1442\/revisions"}],"predecessor-version":[{"id":1444,"href":"https:\/\/agora.xtec.cat\/esc-elpalau\/wp-json\/wp\/v2\/posts\/1442\/revisions\/1444"}],"wp:attachment":[{"href":"https:\/\/agora.xtec.cat\/esc-elpalau\/wp-json\/wp\/v2\/media?parent=1442"}],"wp:term":[{"taxonomy":"category","embeddable":true,"href":"https:\/\/agora.xtec.cat\/esc-elpalau\/wp-json\/wp\/v2\/categories?post=1442"},{"taxonomy":"post_tag","embeddable":true,"href":"https:\/\/agora.xtec.cat\/esc-elpalau\/wp-json\/wp\/v2\/tags?post=1442"}],"curies":[{"name":"wp","href":"https:\/\/api.w.org\/{rel}","templated":true}]}}