{"id":1437,"date":"2020-01-31T11:55:06","date_gmt":"2020-01-31T10:55:06","guid":{"rendered":"http:\/\/agora.xtec.cat\/esc-elpalau\/?p=1437"},"modified":"2020-03-17T10:33:56","modified_gmt":"2020-03-17T09:33:56","slug":"portes-obertes-preinscripcio-20-21","status":"publish","type":"post","link":"https:\/\/agora.xtec.cat\/esc-elpalau\/general\/portes-obertes-preinscripcio-20-21\/","title":{"rendered":"Suspensi\u00f3 de la jornada de Portes obertes Preinscripci\u00f3 20-21"},"content":{"rendered":"<p style=\"text-align: justify;\"><span style=\"color: #993366; font-family: Verdana, sans-serif; font-size: large;\"><b>Seguint les indicacions del\u00a0 Departament d&#8217;Educaci\u00f3, s&#8217;anul\u00b7la la Jornada de Portes Obertes de l&#8217;escola aix\u00ed com la visita per veure el dia a dia de l&#8217;escola. Us convidem a navegar per la p\u00e0gina web per con\u00e8ixer l&#8217;escola.<\/b><\/span><\/p>\n","protected":false},"excerpt":{"rendered":"<p>Seguint les indicacions del\u00a0 Departament d&#8217;Educaci\u00f3, s&#8217;anul\u00b7la la Jornada de Portes Obertes de l&#8217;escola aix\u00ed com la visita per veure el dia a dia de l&#8217;escola. Us convidem a navegar per la p\u00e0gina web per con\u00e8ixer l&#8217;escola.<\/p>\n","protected":false},"author":1,"featured_media":0,"comment_status":"open","ping_status":"closed","sticky":false,"template":"","format":"standard","meta":{"_bbp_topic_count":0,"_bbp_reply_count":0,"_bbp_total_topic_count":0,"_bbp_total_reply_count":0,"_bbp_voice_count":0,"_bbp_anonymous_reply_count":0,"_bbp_topic_count_hidden":0,"_bbp_reply_count_hidden":0,"_bbp_forum_subforum_count":0,"footnotes":""},"categories":[1,4],"tags":[],"class_list":["post-1437","post","type-post","status-publish","format-standard","hentry","category-general","category-portada"],"post_mailing_queue_ids":[],"_links":{"self":[{"href":"https:\/\/agora.xtec.cat\/esc-elpalau\/wp-json\/wp\/v2\/posts\/1437","targetHints":{"allow":["GET"]}}],"collection":[{"href":"https:\/\/agora.xtec.cat\/esc-elpalau\/wp-json\/wp\/v2\/posts"}],"about":[{"href":"https:\/\/agora.xtec.cat\/esc-elpalau\/wp-json\/wp\/v2\/types\/post"}],"author":[{"embeddable":true,"href":"https:\/\/agora.xtec.cat\/esc-elpalau\/wp-json\/wp\/v2\/users\/1"}],"replies":[{"embeddable":true,"href":"https:\/\/agora.xtec.cat\/esc-elpalau\/wp-json\/wp\/v2\/comments?post=1437"}],"version-history":[{"count":3,"href":"https:\/\/agora.xtec.cat\/esc-elpalau\/wp-json\/wp\/v2\/posts\/1437\/revisions"}],"predecessor-version":[{"id":1567,"href":"https:\/\/agora.xtec.cat\/esc-elpalau\/wp-json\/wp\/v2\/posts\/1437\/revisions\/1567"}],"wp:attachment":[{"href":"https:\/\/agora.xtec.cat\/esc-elpalau\/wp-json\/wp\/v2\/media?parent=1437"}],"wp:term":[{"taxonomy":"category","embeddable":true,"href":"https:\/\/agora.xtec.cat\/esc-elpalau\/wp-json\/wp\/v2\/categories?post=1437"},{"taxonomy":"post_tag","embeddable":true,"href":"https:\/\/agora.xtec.cat\/esc-elpalau\/wp-json\/wp\/v2\/tags?post=1437"}],"curies":[{"name":"wp","href":"https:\/\/api.w.org\/{rel}","templated":true}]}}