{"id":1370,"date":"2019-09-12T12:58:05","date_gmt":"2019-09-12T10:58:05","guid":{"rendered":"http:\/\/agora.xtec.cat\/esc-elpalau\/?p=1370"},"modified":"2019-09-12T15:37:09","modified_gmt":"2019-09-12T13:37:09","slug":"benvinguda-curs-2019-20-dossier-dinici-de-curs","status":"publish","type":"post","link":"https:\/\/agora.xtec.cat\/esc-elpalau\/general\/benvinguda-curs-2019-20-dossier-dinici-de-curs\/","title":{"rendered":"Benvinguda curs 2019-20 \/ Dossier d&#8217;inici de curs"},"content":{"rendered":"<p>Benvolgudes fam\u00edlies,<\/p>\n<p>Us donem la benvinguda al nou curs que comencem amb il\u00b7lusi\u00f3 i nous reptes. Tenim un llarg cam\u00ed per rec\u00f3rrer junts i us convidem a col\u00b7laborar amb nosaltres .<\/p>\n<p>Aquest mat\u00ed els carrers de la vila s\u2019omplien de somriures, nervis i il\u00b7lusi\u00f3. Companys que es retroben, amigues que ja fa dies que s\u2019esperen i cares noves que ben aviat deixaran de ser-ho.<\/p>\n<p>Les aules a punt\u00a0 i els mestres carregats d\u2019energia i bon humor.<\/p>\n<p><a href=\"https:\/\/agora.xtec.cat\/esc-elpalau\/wp-content\/uploads\/usu1480\/2019\/09\/IMG_20190912_123657_opt.jpg\"><img loading=\"lazy\" decoding=\"async\" class=\"alignnone  wp-image-1386\" src=\"https:\/\/agora.xtec.cat\/esc-elpalau\/wp-content\/uploads\/usu1480\/2019\/09\/IMG_20190912_123657_opt.jpg\" alt=\"\" width=\"350\" height=\"263\" srcset=\"https:\/\/agora.xtec.cat\/esc-elpalau\/wp-content\/uploads\/usu1480\/2019\/09\/IMG_20190912_123657_opt.jpg 1000w, https:\/\/agora.xtec.cat\/esc-elpalau\/wp-content\/uploads\/usu1480\/2019\/09\/IMG_20190912_123657_opt-300x225.jpg 300w, https:\/\/agora.xtec.cat\/esc-elpalau\/wp-content\/uploads\/usu1480\/2019\/09\/IMG_20190912_123657_opt-768x576.jpg 768w, https:\/\/agora.xtec.cat\/esc-elpalau\/wp-content\/uploads\/usu1480\/2019\/09\/IMG_20190912_123657_opt-200x150.jpg 200w\" sizes=\"auto, (max-width: 350px) 100vw, 350px\" \/><\/a> <a href=\"https:\/\/agora.xtec.cat\/esc-elpalau\/wp-content\/uploads\/usu1480\/2019\/09\/IMG-20190912-WA0009-e1568295213193.jpg\"><img loading=\"lazy\" decoding=\"async\" class=\"alignnone  wp-image-1384\" src=\"https:\/\/agora.xtec.cat\/esc-elpalau\/wp-content\/uploads\/usu1480\/2019\/09\/IMG-20190912-WA0009-e1568295213193-1024x857.jpg\" alt=\"\" width=\"313\" height=\"262\" srcset=\"https:\/\/agora.xtec.cat\/esc-elpalau\/wp-content\/uploads\/usu1480\/2019\/09\/IMG-20190912-WA0009-e1568295213193-1024x857.jpg 1024w, https:\/\/agora.xtec.cat\/esc-elpalau\/wp-content\/uploads\/usu1480\/2019\/09\/IMG-20190912-WA0009-e1568295213193-300x250.jpg 300w, https:\/\/agora.xtec.cat\/esc-elpalau\/wp-content\/uploads\/usu1480\/2019\/09\/IMG-20190912-WA0009-e1568295213193-768x642.jpg 768w, https:\/\/agora.xtec.cat\/esc-elpalau\/wp-content\/uploads\/usu1480\/2019\/09\/IMG-20190912-WA0009-e1568295213193.jpg 1199w\" sizes=\"auto, (max-width: 313px) 100vw, 313px\" \/><\/a><\/p>\n<p>David, Rosa Maria i Fina\u00a0 \u00a0 \u00a0 \u00a0 \u00a0 \u00a0 \u00a0 \u00a0 \u00a0 \u00a0 \u00a0 \u00a0 \u00a0 \u00a0 \u00a0 \u00a0 \u00a0 \u00a0 \u00a0 \u00a0 \u00a0 Nira, Rosa, Laia i Anna<\/p>\n<p><a href=\"https:\/\/agora.xtec.cat\/esc-elpalau\/wp-content\/uploads\/usu1480\/2019\/09\/IMG-20190912-WA0011.jpg\"><img loading=\"lazy\" decoding=\"async\" class=\"alignnone  wp-image-1383\" src=\"https:\/\/agora.xtec.cat\/esc-elpalau\/wp-content\/uploads\/usu1480\/2019\/09\/IMG-20190912-WA0011-1024x727.jpg\" alt=\"\" width=\"350\" height=\"249\" srcset=\"https:\/\/agora.xtec.cat\/esc-elpalau\/wp-content\/uploads\/usu1480\/2019\/09\/IMG-20190912-WA0011.jpg 1024w, https:\/\/agora.xtec.cat\/esc-elpalau\/wp-content\/uploads\/usu1480\/2019\/09\/IMG-20190912-WA0011-300x213.jpg 300w, https:\/\/agora.xtec.cat\/esc-elpalau\/wp-content\/uploads\/usu1480\/2019\/09\/IMG-20190912-WA0011-768x545.jpg 768w\" sizes=\"auto, (max-width: 350px) 100vw, 350px\" \/><\/a> <a href=\"https:\/\/agora.xtec.cat\/esc-elpalau\/wp-content\/uploads\/usu1480\/2019\/09\/IMG-20190912-WA0010.jpg\"><img loading=\"lazy\" decoding=\"async\" class=\"alignnone  wp-image-1382\" src=\"https:\/\/agora.xtec.cat\/esc-elpalau\/wp-content\/uploads\/usu1480\/2019\/09\/IMG-20190912-WA0010-1024x768.jpg\" alt=\"\" width=\"331\" height=\"249\" srcset=\"https:\/\/agora.xtec.cat\/esc-elpalau\/wp-content\/uploads\/usu1480\/2019\/09\/IMG-20190912-WA0010-1024x768.jpg 1024w, https:\/\/agora.xtec.cat\/esc-elpalau\/wp-content\/uploads\/usu1480\/2019\/09\/IMG-20190912-WA0010-300x225.jpg 300w, https:\/\/agora.xtec.cat\/esc-elpalau\/wp-content\/uploads\/usu1480\/2019\/09\/IMG-20190912-WA0010-768x576.jpg 768w, https:\/\/agora.xtec.cat\/esc-elpalau\/wp-content\/uploads\/usu1480\/2019\/09\/IMG-20190912-WA0010-200x150.jpg 200w, https:\/\/agora.xtec.cat\/esc-elpalau\/wp-content\/uploads\/usu1480\/2019\/09\/IMG-20190912-WA0010.jpg 1599w\" sizes=\"auto, (max-width: 331px) 100vw, 331px\" \/><\/a><\/p>\n<p>Paki, Lourdes, Marta, Olga i Ester\u00a0 \u00a0 \u00a0 \u00a0 \u00a0 \u00a0 \u00a0 \u00a0 \u00a0 \u00a0 \u00a0 \u00a0 \u00a0 \u00a0Montse, Josep, Maribel, Eva i Paki (un altre cop)<\/p>\n<p>&nbsp;<\/p>\n<p>Cliqueu la imatge per accedir al dossier d&#8217;inici de curs.<\/p>\n<p><a href=\"https:\/\/agora.xtec.cat\/esc-elpalau\/wp-content\/uploads\/usu1480\/2019\/09\/Dossier-informatiu-inici-de-curs-19-90.pdf\"><img loading=\"lazy\" decoding=\"async\" class=\"aligncenter wp-image-1375\" src=\"https:\/\/agora.xtec.cat\/esc-elpalau\/wp-content\/uploads\/usu1480\/2019\/09\/Logo-el-palau-color2-1024x552.jpg\" alt=\"\" width=\"604\" height=\"326\" srcset=\"https:\/\/agora.xtec.cat\/esc-elpalau\/wp-content\/uploads\/usu1480\/2019\/09\/Logo-el-palau-color2-1024x552.jpg 1024w, https:\/\/agora.xtec.cat\/esc-elpalau\/wp-content\/uploads\/usu1480\/2019\/09\/Logo-el-palau-color2-300x162.jpg 300w, https:\/\/agora.xtec.cat\/esc-elpalau\/wp-content\/uploads\/usu1480\/2019\/09\/Logo-el-palau-color2-768x414.jpg 768w, https:\/\/agora.xtec.cat\/esc-elpalau\/wp-content\/uploads\/usu1480\/2019\/09\/Logo-el-palau-color2.jpg 1776w\" sizes=\"auto, (max-width: 604px) 100vw, 604px\" \/><\/a><\/p>\n<p>&nbsp;<\/p>\n<p>&nbsp;<\/p>\n<p>&nbsp;<\/p>\n","protected":false},"excerpt":{"rendered":"<p>Benvolgudes fam\u00edlies,<br \/>\nUs donem la benvinguda al nou curs que comencem amb il\u00b7lusi\u00f3 i nous reptes. Tenim un llarg cam\u00ed per rec\u00f3rrer junts i us convidem a col\u00b7laborar amb nosaltres .<br \/>\nAquest mat\u00ed els carrers de la vila s\u2019omplien de somriures, nervis i il\u00b7lusi\u00f3. Companys que es&hellip;  <a href=\"https:\/\/agora.xtec.cat\/esc-elpalau\/general\/benvinguda-curs-2019-20-dossier-dinici-de-curs\/\" title=\"Read Benvinguda curs 2019-20 \/ Dossier d&#8217;inici de curs\">Llegeix m\u00e9s\u00bb<\/a><\/p>\n","protected":false},"author":1,"featured_media":0,"comment_status":"open","ping_status":"closed","sticky":false,"template":"","format":"standard","meta":{"_bbp_topic_count":0,"_bbp_reply_count":0,"_bbp_total_topic_count":0,"_bbp_total_reply_count":0,"_bbp_voice_count":0,"_bbp_anonymous_reply_count":0,"_bbp_topic_count_hidden":0,"_bbp_reply_count_hidden":0,"_bbp_forum_subforum_count":0,"footnotes":""},"categories":[1,2,4,5],"tags":[122,121],"class_list":["post-1370","post","type-post","status-publish","format-standard","hentry","category-general","category-infantil","category-portada","category-primaria","tag-benvinguda","tag-curs-2019-20"],"post_mailing_queue_ids":[],"_links":{"self":[{"href":"https:\/\/agora.xtec.cat\/esc-elpalau\/wp-json\/wp\/v2\/posts\/1370","targetHints":{"allow":["GET"]}}],"collection":[{"href":"https:\/\/agora.xtec.cat\/esc-elpalau\/wp-json\/wp\/v2\/posts"}],"about":[{"href":"https:\/\/agora.xtec.cat\/esc-elpalau\/wp-json\/wp\/v2\/types\/post"}],"author":[{"embeddable":true,"href":"https:\/\/agora.xtec.cat\/esc-elpalau\/wp-json\/wp\/v2\/users\/1"}],"replies":[{"embeddable":true,"href":"https:\/\/agora.xtec.cat\/esc-elpalau\/wp-json\/wp\/v2\/comments?post=1370"}],"version-history":[{"count":3,"href":"https:\/\/agora.xtec.cat\/esc-elpalau\/wp-json\/wp\/v2\/posts\/1370\/revisions"}],"predecessor-version":[{"id":1390,"href":"https:\/\/agora.xtec.cat\/esc-elpalau\/wp-json\/wp\/v2\/posts\/1370\/revisions\/1390"}],"wp:attachment":[{"href":"https:\/\/agora.xtec.cat\/esc-elpalau\/wp-json\/wp\/v2\/media?parent=1370"}],"wp:term":[{"taxonomy":"category","embeddable":true,"href":"https:\/\/agora.xtec.cat\/esc-elpalau\/wp-json\/wp\/v2\/categories?post=1370"},{"taxonomy":"post_tag","embeddable":true,"href":"https:\/\/agora.xtec.cat\/esc-elpalau\/wp-json\/wp\/v2\/tags?post=1370"}],"curies":[{"name":"wp","href":"https:\/\/api.w.org\/{rel}","templated":true}]}}