{"id":1318,"date":"2018-12-15T14:11:45","date_gmt":"2018-12-15T13:11:45","guid":{"rendered":"http:\/\/agora.xtec.cat\/esc-elpalau\/?p=1318"},"modified":"2019-02-13T13:30:42","modified_gmt":"2019-02-13T12:30:42","slug":"visitem-el-museu-de-molins-de-rei","status":"publish","type":"post","link":"https:\/\/agora.xtec.cat\/esc-elpalau\/infantil\/visitem-el-museu-de-molins-de-rei\/","title":{"rendered":"Visitem el museu de Molins de Rei"},"content":{"rendered":"<p>Els alumnes d&#8217;Ed. Infantil han fet una visita al nou museu de la vila que actualment est\u00e0 ubicat a Ca n&#8217;Ametller. Han pogut observar l&#8217;obra del pintor Miquel Carbonell que va n\u00e9ixer a Molins de Rei al 1854. Els hi han agradat molt i han tingut l&#8217;ocasi\u00f3 de comparar els vestits de la gent d&#8217;aquella \u00e8poca, reflectits en els quadres del pintor, amb la roba que portem ara. Tamb\u00e9 ha vist estris antics com una pe\u00e7a d&#8217;un mol\u00ed o un escut de pedra.<br \/>\nHa estat una sortida molt enriquidora i aprofitem per convidar-vos a fer la visita en fam\u00edlia i gaudir tots del nostre museu.<\/p>\n<p><iframe loading=\"lazy\" src=\"https:\/\/www.youtube.com\/embed\/WyNglgshLE8\" width=\"560\" height=\"315\" frameborder=\"0\"><\/iframe><\/p>\n","protected":false},"excerpt":{"rendered":"<p>Els alumnes d&#8217;Ed. Infantil han fet una visita al nou museu de la vila que actualment est\u00e0 ubicat a Ca n&#8217;Ametller. Han pogut observar l&#8217;obra del pintor Miquel Carbonell que va n\u00e9ixer a Molins de Rei al 1854. Els hi han agradat molt i han&hellip;  <a href=\"https:\/\/agora.xtec.cat\/esc-elpalau\/infantil\/visitem-el-museu-de-molins-de-rei\/\" title=\"Read Visitem el museu de Molins de Rei\">Llegeix m\u00e9s\u00bb<\/a><\/p>\n","protected":false},"author":18,"featured_media":1320,"comment_status":"open","ping_status":"closed","sticky":false,"template":"","format":"standard","meta":{"_bbp_topic_count":0,"_bbp_reply_count":0,"_bbp_total_topic_count":0,"_bbp_total_reply_count":0,"_bbp_voice_count":0,"_bbp_anonymous_reply_count":0,"_bbp_topic_count_hidden":0,"_bbp_reply_count_hidden":0,"_bbp_forum_subforum_count":0,"footnotes":""},"categories":[2],"tags":[],"class_list":["post-1318","post","type-post","status-publish","format-standard","has-post-thumbnail","hentry","category-infantil"],"post_mailing_queue_ids":[],"_links":{"self":[{"href":"https:\/\/agora.xtec.cat\/esc-elpalau\/wp-json\/wp\/v2\/posts\/1318","targetHints":{"allow":["GET"]}}],"collection":[{"href":"https:\/\/agora.xtec.cat\/esc-elpalau\/wp-json\/wp\/v2\/posts"}],"about":[{"href":"https:\/\/agora.xtec.cat\/esc-elpalau\/wp-json\/wp\/v2\/types\/post"}],"author":[{"embeddable":true,"href":"https:\/\/agora.xtec.cat\/esc-elpalau\/wp-json\/wp\/v2\/users\/18"}],"replies":[{"embeddable":true,"href":"https:\/\/agora.xtec.cat\/esc-elpalau\/wp-json\/wp\/v2\/comments?post=1318"}],"version-history":[{"count":2,"href":"https:\/\/agora.xtec.cat\/esc-elpalau\/wp-json\/wp\/v2\/posts\/1318\/revisions"}],"predecessor-version":[{"id":1321,"href":"https:\/\/agora.xtec.cat\/esc-elpalau\/wp-json\/wp\/v2\/posts\/1318\/revisions\/1321"}],"wp:featuredmedia":[{"embeddable":true,"href":"https:\/\/agora.xtec.cat\/esc-elpalau\/wp-json\/wp\/v2\/media\/1320"}],"wp:attachment":[{"href":"https:\/\/agora.xtec.cat\/esc-elpalau\/wp-json\/wp\/v2\/media?parent=1318"}],"wp:term":[{"taxonomy":"category","embeddable":true,"href":"https:\/\/agora.xtec.cat\/esc-elpalau\/wp-json\/wp\/v2\/categories?post=1318"},{"taxonomy":"post_tag","embeddable":true,"href":"https:\/\/agora.xtec.cat\/esc-elpalau\/wp-json\/wp\/v2\/tags?post=1318"}],"curies":[{"name":"wp","href":"https:\/\/api.w.org\/{rel}","templated":true}]}}