{"id":1310,"date":"2018-12-20T16:00:18","date_gmt":"2018-12-20T15:00:18","guid":{"rendered":"http:\/\/agora.xtec.cat\/esc-elpalau\/?p=1310"},"modified":"2019-02-13T13:31:26","modified_gmt":"2019-02-13T12:31:26","slug":"descobrim-les-ombres","status":"publish","type":"post","link":"https:\/\/agora.xtec.cat\/esc-elpalau\/infantil\/descobrim-les-ombres\/","title":{"rendered":"DESCOBRIM LES OMBRES"},"content":{"rendered":"<p>A llarg del primer trimestre els alumnes de P-3 hem fet un treball d&#8217;investigaci\u00f3 sobre les OMBRES!! Ha estat un gran descobriment veure com la nostra ombra es movia si nosaltres ens mov\u00edem, com es feia gran o petita i com tots els objectes tenen ombra si hi ha la llum necess\u00e0ria.<\/p>\n<p><iframe loading=\"lazy\" src=\"https:\/\/www.youtube.com\/embed\/uuEg6YrcuEI\" width=\"560\" height=\"315\" frameborder=\"0\"><\/iframe><\/p>\n","protected":false},"excerpt":{"rendered":"<p>A llarg del primer trimestre els alumnes de P-3 hem fet un treball d&#8217;investigaci\u00f3 sobre les OMBRES!! Ha estat un gran descobriment veure com la nostra ombra es movia si nosaltres ens mov\u00edem, com es feia gran o petita i com tots els objectes tenen&hellip;  <a href=\"https:\/\/agora.xtec.cat\/esc-elpalau\/infantil\/descobrim-les-ombres\/\" title=\"Read DESCOBRIM LES OMBRES\">Llegeix m\u00e9s\u00bb<\/a><\/p>\n","protected":false},"author":18,"featured_media":0,"comment_status":"open","ping_status":"closed","sticky":false,"template":"","format":"standard","meta":{"_bbp_topic_count":0,"_bbp_reply_count":0,"_bbp_total_topic_count":0,"_bbp_total_reply_count":0,"_bbp_voice_count":0,"_bbp_anonymous_reply_count":0,"_bbp_topic_count_hidden":0,"_bbp_reply_count_hidden":0,"_bbp_forum_subforum_count":0,"footnotes":""},"categories":[2],"tags":[],"class_list":["post-1310","post","type-post","status-publish","format-standard","hentry","category-infantil"],"post_mailing_queue_ids":[],"_links":{"self":[{"href":"https:\/\/agora.xtec.cat\/esc-elpalau\/wp-json\/wp\/v2\/posts\/1310","targetHints":{"allow":["GET"]}}],"collection":[{"href":"https:\/\/agora.xtec.cat\/esc-elpalau\/wp-json\/wp\/v2\/posts"}],"about":[{"href":"https:\/\/agora.xtec.cat\/esc-elpalau\/wp-json\/wp\/v2\/types\/post"}],"author":[{"embeddable":true,"href":"https:\/\/agora.xtec.cat\/esc-elpalau\/wp-json\/wp\/v2\/users\/18"}],"replies":[{"embeddable":true,"href":"https:\/\/agora.xtec.cat\/esc-elpalau\/wp-json\/wp\/v2\/comments?post=1310"}],"version-history":[{"count":1,"href":"https:\/\/agora.xtec.cat\/esc-elpalau\/wp-json\/wp\/v2\/posts\/1310\/revisions"}],"predecessor-version":[{"id":1311,"href":"https:\/\/agora.xtec.cat\/esc-elpalau\/wp-json\/wp\/v2\/posts\/1310\/revisions\/1311"}],"wp:attachment":[{"href":"https:\/\/agora.xtec.cat\/esc-elpalau\/wp-json\/wp\/v2\/media?parent=1310"}],"wp:term":[{"taxonomy":"category","embeddable":true,"href":"https:\/\/agora.xtec.cat\/esc-elpalau\/wp-json\/wp\/v2\/categories?post=1310"},{"taxonomy":"post_tag","embeddable":true,"href":"https:\/\/agora.xtec.cat\/esc-elpalau\/wp-json\/wp\/v2\/tags?post=1310"}],"curies":[{"name":"wp","href":"https:\/\/api.w.org\/{rel}","templated":true}]}}