{"id":1308,"date":"2019-02-08T16:01:09","date_gmt":"2019-02-08T15:01:09","guid":{"rendered":"http:\/\/agora.xtec.cat\/esc-elpalau\/?p=1308"},"modified":"2019-02-11T13:59:23","modified_gmt":"2019-02-11T12:59:23","slug":"celebrem-el-dia-de-la-pau","status":"publish","type":"post","link":"https:\/\/agora.xtec.cat\/esc-elpalau\/general\/celebrem-el-dia-de-la-pau\/","title":{"rendered":"CELEBREM EL DIA DE LA PAU"},"content":{"rendered":"<p>El dia de la Pau \u00e9s un dia ple de desitjos i il.lusions. Previament a la classe els infants van parlar sobre qu\u00e8 significava per ells aquesta paraula i de com podien celebrar aquest dia tan especial. Despr\u00e9s de molt pensar\u00a0 els alumnes d&#8217;Ed. Infantil el van celebrar amb un ball molt bonic carregat de bons pensaments i despr\u00e9s van animar als companys &#8220;grans&#8221; de prim\u00e0ria a ballar amb ells.<br \/>\n<iframe loading=\"lazy\" src=\"https:\/\/www.youtube.com\/embed\/Gbhp5IX_KBA\" width=\"560\" height=\"315\" frameborder=\"0\"><\/iframe><\/p>\n","protected":false},"excerpt":{"rendered":"<p>El dia de la Pau \u00e9s un dia ple de desitjos i il.lusions. Previament a la classe els infants van parlar sobre qu\u00e8 significava per ells aquesta paraula i de com podien celebrar aquest dia tan especial. Despr\u00e9s de molt pensar\u00a0 els alumnes d&#8217;Ed. Infantil&hellip;  <a href=\"https:\/\/agora.xtec.cat\/esc-elpalau\/general\/celebrem-el-dia-de-la-pau\/\" title=\"Read CELEBREM EL DIA DE LA PAU\">Llegeix m\u00e9s\u00bb<\/a><\/p>\n","protected":false},"author":18,"featured_media":0,"comment_status":"open","ping_status":"closed","sticky":false,"template":"","format":"standard","meta":{"_bbp_topic_count":0,"_bbp_reply_count":0,"_bbp_total_topic_count":0,"_bbp_total_reply_count":0,"_bbp_voice_count":0,"_bbp_anonymous_reply_count":0,"_bbp_topic_count_hidden":0,"_bbp_reply_count_hidden":0,"_bbp_forum_subforum_count":0,"footnotes":""},"categories":[1,2],"tags":[],"class_list":["post-1308","post","type-post","status-publish","format-standard","hentry","category-general","category-infantil"],"post_mailing_queue_ids":[],"_links":{"self":[{"href":"https:\/\/agora.xtec.cat\/esc-elpalau\/wp-json\/wp\/v2\/posts\/1308","targetHints":{"allow":["GET"]}}],"collection":[{"href":"https:\/\/agora.xtec.cat\/esc-elpalau\/wp-json\/wp\/v2\/posts"}],"about":[{"href":"https:\/\/agora.xtec.cat\/esc-elpalau\/wp-json\/wp\/v2\/types\/post"}],"author":[{"embeddable":true,"href":"https:\/\/agora.xtec.cat\/esc-elpalau\/wp-json\/wp\/v2\/users\/18"}],"replies":[{"embeddable":true,"href":"https:\/\/agora.xtec.cat\/esc-elpalau\/wp-json\/wp\/v2\/comments?post=1308"}],"version-history":[{"count":1,"href":"https:\/\/agora.xtec.cat\/esc-elpalau\/wp-json\/wp\/v2\/posts\/1308\/revisions"}],"predecessor-version":[{"id":1309,"href":"https:\/\/agora.xtec.cat\/esc-elpalau\/wp-json\/wp\/v2\/posts\/1308\/revisions\/1309"}],"wp:attachment":[{"href":"https:\/\/agora.xtec.cat\/esc-elpalau\/wp-json\/wp\/v2\/media?parent=1308"}],"wp:term":[{"taxonomy":"category","embeddable":true,"href":"https:\/\/agora.xtec.cat\/esc-elpalau\/wp-json\/wp\/v2\/categories?post=1308"},{"taxonomy":"post_tag","embeddable":true,"href":"https:\/\/agora.xtec.cat\/esc-elpalau\/wp-json\/wp\/v2\/tags?post=1308"}],"curies":[{"name":"wp","href":"https:\/\/api.w.org\/{rel}","templated":true}]}}