{"id":1295,"date":"2019-01-10T14:00:05","date_gmt":"2019-01-10T13:00:05","guid":{"rendered":"http:\/\/agora.xtec.cat\/esc-elpalau\/?p=1295"},"modified":"2019-02-13T13:32:36","modified_gmt":"2019-02-13T12:32:36","slug":"el-nostre-nadal","status":"publish","type":"post","link":"https:\/\/agora.xtec.cat\/esc-elpalau\/infantil\/el-nostre-nadal\/","title":{"rendered":"El nostre Nadal"},"content":{"rendered":"<p>Com cada any quan s&#8217;acosten les dates de Nadal, tots els nenes i nenes de P-5 ens afanyem a escriure una postal. Quan ja ho tenim tot enllestit, anem a correus a deixar a la b\u00fastia la felicitaci\u00f3 i aprofitem per veure quin \u00e9s el recorregut d&#8217;una carta, des de que l&#8217;escrivim fins que arriba al seu destinatari.<\/p>\n<p>Tamb\u00e9 fem cagar el Ti\u00f3. Al llarg d&#8217;aquesta setmana tots els alumnes del Parvulari li donem menjar per a que cagui neules i torrons. Ens emocionem picant-lo ben fort!!!<\/p>\n<p>&nbsp;<\/p>\n<p><iframe loading=\"lazy\" src=\"https:\/\/www.youtube.com\/embed\/02F_q5KZq00\" width=\"560\" height=\"315\" frameborder=\"0\"><\/iframe><\/p>\n","protected":false},"excerpt":{"rendered":"<p>Com cada any quan s&#8217;acosten les dates de Nadal, tots els nenes i nenes de P-5 ens afanyem a escriure una postal. Quan ja ho tenim tot enllestit, anem a correus a deixar a la b\u00fastia la felicitaci\u00f3 i aprofitem per veure quin \u00e9s el&hellip;  <a href=\"https:\/\/agora.xtec.cat\/esc-elpalau\/infantil\/el-nostre-nadal\/\" title=\"Read El nostre Nadal\">Llegeix m\u00e9s\u00bb<\/a><\/p>\n","protected":false},"author":18,"featured_media":1317,"comment_status":"open","ping_status":"closed","sticky":false,"template":"","format":"standard","meta":{"_bbp_topic_count":0,"_bbp_reply_count":0,"_bbp_total_topic_count":0,"_bbp_total_reply_count":0,"_bbp_voice_count":0,"_bbp_anonymous_reply_count":0,"_bbp_topic_count_hidden":0,"_bbp_reply_count_hidden":0,"_bbp_forum_subforum_count":0,"footnotes":""},"categories":[2],"tags":[],"class_list":["post-1295","post","type-post","status-publish","format-standard","has-post-thumbnail","hentry","category-infantil"],"post_mailing_queue_ids":[],"_links":{"self":[{"href":"https:\/\/agora.xtec.cat\/esc-elpalau\/wp-json\/wp\/v2\/posts\/1295","targetHints":{"allow":["GET"]}}],"collection":[{"href":"https:\/\/agora.xtec.cat\/esc-elpalau\/wp-json\/wp\/v2\/posts"}],"about":[{"href":"https:\/\/agora.xtec.cat\/esc-elpalau\/wp-json\/wp\/v2\/types\/post"}],"author":[{"embeddable":true,"href":"https:\/\/agora.xtec.cat\/esc-elpalau\/wp-json\/wp\/v2\/users\/18"}],"replies":[{"embeddable":true,"href":"https:\/\/agora.xtec.cat\/esc-elpalau\/wp-json\/wp\/v2\/comments?post=1295"}],"version-history":[{"count":3,"href":"https:\/\/agora.xtec.cat\/esc-elpalau\/wp-json\/wp\/v2\/posts\/1295\/revisions"}],"predecessor-version":[{"id":1322,"href":"https:\/\/agora.xtec.cat\/esc-elpalau\/wp-json\/wp\/v2\/posts\/1295\/revisions\/1322"}],"wp:featuredmedia":[{"embeddable":true,"href":"https:\/\/agora.xtec.cat\/esc-elpalau\/wp-json\/wp\/v2\/media\/1317"}],"wp:attachment":[{"href":"https:\/\/agora.xtec.cat\/esc-elpalau\/wp-json\/wp\/v2\/media?parent=1295"}],"wp:term":[{"taxonomy":"category","embeddable":true,"href":"https:\/\/agora.xtec.cat\/esc-elpalau\/wp-json\/wp\/v2\/categories?post=1295"},{"taxonomy":"post_tag","embeddable":true,"href":"https:\/\/agora.xtec.cat\/esc-elpalau\/wp-json\/wp\/v2\/tags?post=1295"}],"curies":[{"name":"wp","href":"https:\/\/api.w.org\/{rel}","templated":true}]}}