{"id":1274,"date":"2019-01-14T17:12:18","date_gmt":"2019-01-14T16:12:18","guid":{"rendered":"http:\/\/agora.xtec.cat\/esc-elpalau\/?p=1274"},"modified":"2019-01-14T17:12:18","modified_gmt":"2019-01-14T16:12:18","slug":"preinscripcio-del-curs-2019-20","status":"publish","type":"post","link":"https:\/\/agora.xtec.cat\/esc-elpalau\/general\/preinscripcio-del-curs-2019-20\/","title":{"rendered":"Preinscripci\u00f3 del curs 2019\/20"},"content":{"rendered":"<p>El calendari oficial de preinscripci\u00f3 escolar per al curs 2018\/19 ser\u00e0 del 29 de mar\u00e7 al 9 d&#8217;abril. Properament ampliarem informaci\u00f3.<\/p>\n","protected":false},"excerpt":{"rendered":"<p>El calendari oficial de preinscripci\u00f3 escolar per al curs 2018\/19 ser\u00e0 del 29 de mar\u00e7 al 9 d&#8217;abril. Properament ampliarem informaci\u00f3.<\/p>\n","protected":false},"author":1,"featured_media":0,"comment_status":"open","ping_status":"closed","sticky":false,"template":"","format":"standard","meta":{"_bbp_topic_count":0,"_bbp_reply_count":0,"_bbp_total_topic_count":0,"_bbp_total_reply_count":0,"_bbp_voice_count":0,"_bbp_anonymous_reply_count":0,"_bbp_topic_count_hidden":0,"_bbp_reply_count_hidden":0,"_bbp_forum_subforum_count":0,"footnotes":""},"categories":[1,4],"tags":[119],"class_list":["post-1274","post","type-post","status-publish","format-standard","hentry","category-general","category-portada","tag-preinscripcio"],"post_mailing_queue_ids":[],"_links":{"self":[{"href":"https:\/\/agora.xtec.cat\/esc-elpalau\/wp-json\/wp\/v2\/posts\/1274","targetHints":{"allow":["GET"]}}],"collection":[{"href":"https:\/\/agora.xtec.cat\/esc-elpalau\/wp-json\/wp\/v2\/posts"}],"about":[{"href":"https:\/\/agora.xtec.cat\/esc-elpalau\/wp-json\/wp\/v2\/types\/post"}],"author":[{"embeddable":true,"href":"https:\/\/agora.xtec.cat\/esc-elpalau\/wp-json\/wp\/v2\/users\/1"}],"replies":[{"embeddable":true,"href":"https:\/\/agora.xtec.cat\/esc-elpalau\/wp-json\/wp\/v2\/comments?post=1274"}],"version-history":[{"count":2,"href":"https:\/\/agora.xtec.cat\/esc-elpalau\/wp-json\/wp\/v2\/posts\/1274\/revisions"}],"predecessor-version":[{"id":1276,"href":"https:\/\/agora.xtec.cat\/esc-elpalau\/wp-json\/wp\/v2\/posts\/1274\/revisions\/1276"}],"wp:attachment":[{"href":"https:\/\/agora.xtec.cat\/esc-elpalau\/wp-json\/wp\/v2\/media?parent=1274"}],"wp:term":[{"taxonomy":"category","embeddable":true,"href":"https:\/\/agora.xtec.cat\/esc-elpalau\/wp-json\/wp\/v2\/categories?post=1274"},{"taxonomy":"post_tag","embeddable":true,"href":"https:\/\/agora.xtec.cat\/esc-elpalau\/wp-json\/wp\/v2\/tags?post=1274"}],"curies":[{"name":"wp","href":"https:\/\/api.w.org\/{rel}","templated":true}]}}