{"id":1076,"date":"2018-03-27T14:08:03","date_gmt":"2018-03-27T12:08:03","guid":{"rendered":"http:\/\/agora.xtec.cat\/esc-elpalau\/?p=1076"},"modified":"2018-04-03T14:08:41","modified_gmt":"2018-04-03T12:08:41","slug":"fira-de-la-candelera","status":"publish","type":"post","link":"https:\/\/agora.xtec.cat\/esc-elpalau\/general\/fira-de-la-candelera\/","title":{"rendered":"FIRA DE LA CANDELERA"},"content":{"rendered":"<p>Arriba la nostra Fira m\u00e9s gran, i com cada any sortim a visitar la part m\u00e9s antiga: la zona agr\u00edcola que ens d\u00f3na l&#8217;oportunitat de conectar amb tants anys d&#8217;hist\u00f2ria i amb la terra.<br \/>\nEnguany, la Comissi\u00f3 verda de l&#8217;escola ens va demanar de comprar planter per al nostre hortet escolar, i aix\u00ed ho vam fer: cistells, llistes i molta curiositat en m\u00e0 vam fer aquesta sortida que tant ens agrada.<br \/>\nAh! i amb una sorpresa pels Camells, vam trobar una parada on vam comprar els cargols que tant hem estudiat.<\/p>\n<p><iframe loading=\"lazy\" width=\"560\" height=\"315\" src=\"https:\/\/www.youtube-nocookie.com\/embed\/sl_JbXuBGR8?rel=0\" frameborder=\"0\" allow=\"autoplay; encrypted-media\" allowfullscreen><\/iframe><\/p>\n","protected":false},"excerpt":{"rendered":"<p>Arriba la nostra Fira m\u00e9s gran, i com cada any sortim a visitar la part m\u00e9s antiga: la zona agr\u00edcola que ens d\u00f3na l&#8217;oportunitat de conectar amb tants anys d&#8217;hist\u00f2ria i amb la terra.<br \/>\nEnguany, la Comissi\u00f3 verda de l&#8217;escola ens va demanar de comprar planter&hellip;  <a href=\"https:\/\/agora.xtec.cat\/esc-elpalau\/general\/fira-de-la-candelera\/\" title=\"Read FIRA DE LA CANDELERA\">Llegeix m\u00e9s\u00bb<\/a><\/p>\n","protected":false},"author":1,"featured_media":1077,"comment_status":"open","ping_status":"closed","sticky":false,"template":"","format":"standard","meta":{"_bbp_topic_count":0,"_bbp_reply_count":0,"_bbp_total_topic_count":0,"_bbp_total_reply_count":0,"_bbp_voice_count":0,"_bbp_anonymous_reply_count":0,"_bbp_topic_count_hidden":0,"_bbp_reply_count_hidden":0,"_bbp_forum_subforum_count":0,"footnotes":""},"categories":[1,2,4],"tags":[16],"class_list":["post-1076","post","type-post","status-publish","format-standard","has-post-thumbnail","hentry","category-general","category-infantil","category-portada","tag-sortides"],"post_mailing_queue_ids":[],"_links":{"self":[{"href":"https:\/\/agora.xtec.cat\/esc-elpalau\/wp-json\/wp\/v2\/posts\/1076","targetHints":{"allow":["GET"]}}],"collection":[{"href":"https:\/\/agora.xtec.cat\/esc-elpalau\/wp-json\/wp\/v2\/posts"}],"about":[{"href":"https:\/\/agora.xtec.cat\/esc-elpalau\/wp-json\/wp\/v2\/types\/post"}],"author":[{"embeddable":true,"href":"https:\/\/agora.xtec.cat\/esc-elpalau\/wp-json\/wp\/v2\/users\/1"}],"replies":[{"embeddable":true,"href":"https:\/\/agora.xtec.cat\/esc-elpalau\/wp-json\/wp\/v2\/comments?post=1076"}],"version-history":[{"count":1,"href":"https:\/\/agora.xtec.cat\/esc-elpalau\/wp-json\/wp\/v2\/posts\/1076\/revisions"}],"predecessor-version":[{"id":1078,"href":"https:\/\/agora.xtec.cat\/esc-elpalau\/wp-json\/wp\/v2\/posts\/1076\/revisions\/1078"}],"wp:featuredmedia":[{"embeddable":true,"href":"https:\/\/agora.xtec.cat\/esc-elpalau\/wp-json\/wp\/v2\/media\/1077"}],"wp:attachment":[{"href":"https:\/\/agora.xtec.cat\/esc-elpalau\/wp-json\/wp\/v2\/media?parent=1076"}],"wp:term":[{"taxonomy":"category","embeddable":true,"href":"https:\/\/agora.xtec.cat\/esc-elpalau\/wp-json\/wp\/v2\/categories?post=1076"},{"taxonomy":"post_tag","embeddable":true,"href":"https:\/\/agora.xtec.cat\/esc-elpalau\/wp-json\/wp\/v2\/tags?post=1076"}],"curies":[{"name":"wp","href":"https:\/\/api.w.org\/{rel}","templated":true}]}}