{"id":1071,"date":"2018-03-20T14:04:56","date_gmt":"2018-03-20T13:04:56","guid":{"rendered":"http:\/\/agora.xtec.cat\/esc-elpalau\/?p=1071"},"modified":"2018-04-03T14:06:18","modified_gmt":"2018-04-03T12:06:18","slug":"mesurem","status":"publish","type":"post","link":"https:\/\/agora.xtec.cat\/esc-elpalau\/general\/mesurem\/","title":{"rendered":"MESUREM&#8230;"},"content":{"rendered":"<p>Durant les darreres setmanes, els alumnes de P-5, hem estat manipulant els estris per mesurar que ens vau deixar. Hem apr\u00e8s molt sobre mesures i nombres. Ens hem adonat que la classe i el nostre entorn est\u00e0 ple de nombres!!<br \/>\nAqu\u00ed us deixem una mica del nostre treball encara que amb quatre fulls no es pot resumir tot el que hem descobert: hem mesurat taules, cadires, dist\u00e0ncies entre el mobiliari de la classe, ens hem mesurat a nosaltres mateixos, el nostre nom, el nostre cap o la nostra esquena&#8230; i \u00e9s que hi ha tantes coses mesurables!!<br \/>\nPer\u00f2 tamb\u00e9, reflexionant, hem arribat a la conclusi\u00f3 que hi ha coses que no es poden mesurar, com l\u2019amor, la felicitat o la r\u00e0bia&#8230;<\/p>\n<p>[youtube]https:\/\/youtu.be\/15XELEm8YZI[\/youtube]<\/p>\n","protected":false},"excerpt":{"rendered":"<p>Durant les darreres setmanes, els alumnes de P-5, hem estat manipulant els estris per mesurar que ens vau deixar. Hem apr\u00e8s molt sobre mesures i nombres. Ens hem adonat que la classe i el nostre entorn est\u00e0 ple de nombres!!<br \/>\nAqu\u00ed us deixem una mica del&hellip;  <a href=\"https:\/\/agora.xtec.cat\/esc-elpalau\/general\/mesurem\/\" title=\"Read MESUREM&#8230;\">Llegeix m\u00e9s\u00bb<\/a><\/p>\n","protected":false},"author":1,"featured_media":0,"comment_status":"open","ping_status":"closed","sticky":false,"template":"","format":"standard","meta":{"_bbp_topic_count":0,"_bbp_reply_count":0,"_bbp_total_topic_count":0,"_bbp_total_reply_count":0,"_bbp_voice_count":0,"_bbp_anonymous_reply_count":0,"_bbp_topic_count_hidden":0,"_bbp_reply_count_hidden":0,"_bbp_forum_subforum_count":0,"footnotes":""},"categories":[1,2,4],"tags":[55,85],"class_list":["post-1071","post","type-post","status-publish","format-standard","hentry","category-general","category-infantil","category-portada","tag-activitats","tag-activitats-diferents"],"post_mailing_queue_ids":[],"_links":{"self":[{"href":"https:\/\/agora.xtec.cat\/esc-elpalau\/wp-json\/wp\/v2\/posts\/1071","targetHints":{"allow":["GET"]}}],"collection":[{"href":"https:\/\/agora.xtec.cat\/esc-elpalau\/wp-json\/wp\/v2\/posts"}],"about":[{"href":"https:\/\/agora.xtec.cat\/esc-elpalau\/wp-json\/wp\/v2\/types\/post"}],"author":[{"embeddable":true,"href":"https:\/\/agora.xtec.cat\/esc-elpalau\/wp-json\/wp\/v2\/users\/1"}],"replies":[{"embeddable":true,"href":"https:\/\/agora.xtec.cat\/esc-elpalau\/wp-json\/wp\/v2\/comments?post=1071"}],"version-history":[{"count":1,"href":"https:\/\/agora.xtec.cat\/esc-elpalau\/wp-json\/wp\/v2\/posts\/1071\/revisions"}],"predecessor-version":[{"id":1072,"href":"https:\/\/agora.xtec.cat\/esc-elpalau\/wp-json\/wp\/v2\/posts\/1071\/revisions\/1072"}],"wp:attachment":[{"href":"https:\/\/agora.xtec.cat\/esc-elpalau\/wp-json\/wp\/v2\/media?parent=1071"}],"wp:term":[{"taxonomy":"category","embeddable":true,"href":"https:\/\/agora.xtec.cat\/esc-elpalau\/wp-json\/wp\/v2\/categories?post=1071"},{"taxonomy":"post_tag","embeddable":true,"href":"https:\/\/agora.xtec.cat\/esc-elpalau\/wp-json\/wp\/v2\/tags?post=1071"}],"curies":[{"name":"wp","href":"https:\/\/api.w.org\/{rel}","templated":true}]}}