{"id":1031,"date":"2019-03-06T11:45:38","date_gmt":"2019-03-06T10:45:38","guid":{"rendered":"http:\/\/agora.xtec.cat\/esc-elpalau\/?p=1031"},"modified":"2019-03-06T13:50:36","modified_gmt":"2019-03-06T12:50:36","slug":"dates-de-preinscripcio","status":"publish","type":"post","link":"https:\/\/agora.xtec.cat\/esc-elpalau\/general\/dates-de-preinscripcio\/","title":{"rendered":"Calendari de preinscripci\u00f3 2019-20"},"content":{"rendered":"<h2><strong>Model de sol\u00b7licitud<\/strong><\/h2>\n<p><a href=\"http:\/\/ensenyament.gencat.cat\/web\/shared\/OVT\/Departaments\/ENS\/TramitOVT\/preinscripcio\/obligatoris\/obligatoria_emp.pdf\"><img loading=\"lazy\" decoding=\"async\" class=\"alignnone wp-image-1101\" src=\"http:\/\/agora.xtec.cat\/esc-elpalau\/wp-content\/uploads\/usu1480\/2018\/04\/document.jpg\" alt=\"\" width=\"97\" height=\"97\" srcset=\"https:\/\/agora.xtec.cat\/esc-elpalau\/wp-content\/uploads\/usu1480\/2018\/04\/document.jpg 626w, https:\/\/agora.xtec.cat\/esc-elpalau\/wp-content\/uploads\/usu1480\/2018\/04\/document-150x150.jpg 150w, https:\/\/agora.xtec.cat\/esc-elpalau\/wp-content\/uploads\/usu1480\/2018\/04\/document-300x300.jpg 300w\" sizes=\"auto, (max-width: 97px) 100vw, 97px\" \/><\/a><\/p>\n<h2><strong>Calendari de Preinscripci\u00f3:<\/strong><\/h2>\n<div class=\"FW_sPregunta FW_sImpacte\">\n<div class=\"FW_sArticleFoto\">\n<div class=\"FW_sEditPro\">\n<ul>\n<li>Oferta inicial de places escolars: 27 de mar\u00e7 de 2019<\/li>\n<li>Presentaci\u00f3 de sol\u00b7licituds:\u00a0<strong>del 29 de mar\u00e7 al 9 d&#8217;abril de 2019<\/strong><\/li>\n<li>Presentaci\u00f3 de documentaci\u00f3: fins al 10 d&#8217;abril de 2019<\/li>\n<li>Llista de sol\u00b7licituds amb la puntuaci\u00f3 provisional: 26 d&#8217;abril de 2019<\/li>\n<li>Presentaci\u00f3 de reclamacions: del 29 d&#8217;abril al 3 de maig de 2019<\/li>\n<li>Llista de sol\u00b7licituds amb la puntuaci\u00f3 un cop resoltes les reclamacions: 8 de maig de 2019<\/li>\n<li>Sorteig del n\u00famero de desempat: 9 de maig de 2019, a les 11 h, als serveis centrals del\u00a0Departament d&#8217;Ensenyament (Via Augusta, 202, Barcelona)<\/li>\n<li>Llista ordenada definitiva: 14 de maig de 2019<\/li>\n<li>Ampliaci\u00f3 de petici\u00f3 de centres per a les sol\u00b7licituds que no han obtingut cap assignaci\u00f3 (assignaci\u00f3 d&#8217;ofici): del 30 de maig al 3 de juny de 2019<\/li>\n<li>Oferta final de places escolars: 11 de juny de 2019<\/li>\n<li>Llista d&#8217;alumnes admesos i\u00a0llista d&#8217;espera: 12 de juny\u00a0de 2019<\/li>\n<\/ul>\n<\/div>\n<\/div>\n<div class=\"FW_clear FW_hrBlanc\"><\/div>\n<\/div>\n<div class=\"FW_sTitolFons\"><\/div>\n<div class=\"FW_sPregunta FW_sImpacte\">\n<h4 id=\"FW_bloc_5ff9132d-55e8-11e4-aafa-000c29f68999_2\" class=\"FW_ancora\"><strong>Matr\u00edcula<\/strong><\/h4>\n<div class=\"FW_sArticleFoto\">\n<div class=\"FW_sEditPro\">\n<ul>\n<li>Alumnes preinscrits amb pla\u00e7a assignada a segon cicle d&#8217;educaci\u00f3 infantil, educaci\u00f3 prim\u00e0ria i primer curs d&#8217;ESO: <strong>del\u00a020 al 26 de juny de 2019<\/strong><\/li>\n<\/ul>\n<\/div>\n<\/div>\n<\/div>\n","protected":false},"excerpt":{"rendered":"<p>Model de sol\u00b7licitud<br \/>\n<a href=\"http:\/\/ensenyament.gencat.cat\/web\/shared\/OVT\/Departaments\/ENS\/TramitOVT\/preinscripcio\/obligatoris\/obligatoria_emp.pdf\"><\/a><br \/>\nCalendari de Preinscripci\u00f3:<\/p>\n<ul>\n<li>Oferta inicial de places escolars: 27 de mar\u00e7 de 2019<\/li>\n<li>Presentaci\u00f3 de sol\u00b7licituds:\u00a0del 29 de mar\u00e7 al 9 d&#8217;abril de 2019<\/li>\n<li>Presentaci\u00f3 de documentaci\u00f3: fins al 10 d&#8217;abril de 2019<\/li>\n<li>Llista de sol\u00b7licituds amb la puntuaci\u00f3 provisional: 26 d&#8217;abril de 2019<\/li>\n<li>Presentaci\u00f3 de reclamacions:&hellip;  <a href=\"https:\/\/agora.xtec.cat\/esc-elpalau\/general\/dates-de-preinscripcio\/\" title=\"Read Calendari de preinscripci\u00f3 2019-20\">Llegeix m\u00e9s\u00bb<\/a><br \/>\n","protected":false},"author":1,"featured_media":0,"comment_status":"open","ping_status":"closed","sticky":false,"template":"","format":"standard","meta":{"_bbp_topic_count":0,"_bbp_reply_count":0,"_bbp_total_topic_count":0,"_bbp_total_reply_count":0,"_bbp_voice_count":0,"_bbp_anonymous_reply_count":0,"_bbp_topic_count_hidden":0,"_bbp_reply_count_hidden":0,"_bbp_forum_subforum_count":0,"footnotes":""},"categories":[1,4],"tags":[],"class_list":["post-1031","post","type-post","status-publish","format-standard","hentry","category-general","category-portada"],"post_mailing_queue_ids":[],"_links":{"self":[{"href":"https:\/\/agora.xtec.cat\/esc-elpalau\/wp-json\/wp\/v2\/posts\/1031","targetHints":{"allow":["GET"]}}],"collection":[{"href":"https:\/\/agora.xtec.cat\/esc-elpalau\/wp-json\/wp\/v2\/posts"}],"about":[{"href":"https:\/\/agora.xtec.cat\/esc-elpalau\/wp-json\/wp\/v2\/types\/post"}],"author":[{"embeddable":true,"href":"https:\/\/agora.xtec.cat\/esc-elpalau\/wp-json\/wp\/v2\/users\/1"}],"replies":[{"embeddable":true,"href":"https:\/\/agora.xtec.cat\/esc-elpalau\/wp-json\/wp\/v2\/comments?post=1031"}],"version-history":[{"count":4,"href":"https:\/\/agora.xtec.cat\/esc-elpalau\/wp-json\/wp\/v2\/posts\/1031\/revisions"}],"predecessor-version":[{"id":1350,"href":"https:\/\/agora.xtec.cat\/esc-elpalau\/wp-json\/wp\/v2\/posts\/1031\/revisions\/1350"}],"wp:attachment":[{"href":"https:\/\/agora.xtec.cat\/esc-elpalau\/wp-json\/wp\/v2\/media?parent=1031"}],"wp:term":[{"taxonomy":"category","embeddable":true,"href":"https:\/\/agora.xtec.cat\/esc-elpalau\/wp-json\/wp\/v2\/categories?post=1031"},{"taxonomy":"post_tag","embeddable":true,"href":"https:\/\/agora.xtec.cat\/esc-elpalau\/wp-json\/wp\/v2\/tags?post=1031"}],"curies":[{"name":"wp","href":"https:\/\/api.w.org\/{rel}","templated":true}]}}