{"id":157,"count":2,"description":"Des del curs 20-21 l\u2019escola participa del Programa Cultura Emprenedora a l\u2019Escola (CuEmE). Programa que t\u00e9 per objectiu fomentar els valors de la cultura emprenedora en l\u2019alumnat del cicle superior d\u2019educaci\u00f3 prim\u00e0ria. Aquest programa est\u00e0 impulsat per la Diputaci\u00f3 de Barcelona, concretament per les Ger\u00e8ncies de Serveis d\u2019Educaci\u00f3 i de Promoci\u00f3 Econ\u00f2mica i Ocupaci\u00f3.\r\n\r\nEl projecte educatiu a l\u2019escola fomenta la cultura emprenedora i l\u2019adquisici\u00f3 de compet\u00e8ncies b\u00e0siques entre els i les alumnes participants, els quals  gestionen una cooperativa escolar amb el recolzament de la comunitat educativa, l\u2019administraci\u00f3 i altres agents socials de la seva localitat.","link":"https:\/\/agora.xtec.cat\/esc-elpalau\/categoria\/cueme-2\/","name":"CuEmE","slug":"cueme-2","taxonomy":"category","parent":0,"meta":[],"_links":{"self":[{"href":"https:\/\/agora.xtec.cat\/esc-elpalau\/wp-json\/wp\/v2\/categories\/157","targetHints":{"allow":["GET"]}}],"collection":[{"href":"https:\/\/agora.xtec.cat\/esc-elpalau\/wp-json\/wp\/v2\/categories"}],"about":[{"href":"https:\/\/agora.xtec.cat\/esc-elpalau\/wp-json\/wp\/v2\/taxonomies\/category"}],"wp:post_type":[{"href":"https:\/\/agora.xtec.cat\/esc-elpalau\/wp-json\/wp\/v2\/posts?categories=157"}],"curies":[{"name":"wp","href":"https:\/\/api.w.org\/{rel}","templated":true}]}}