{"id":295,"count":4,"description":"<span style=\"font-weight: 400;\">Aquest any estem participant en un projecte Erasmus+ KA120 anomenat \u201c<\/span><i><span style=\"font-weight: 400;\">Consorci Europeu per a la Transformaci\u00f3 Educativa<\/span><\/i><span style=\"font-weight: 400;\">\u201d pel qual partim d\u2019una subvenci\u00f3 dotada per la Uni\u00f3 Europea. El nostre objectiu \u00e9s millorar en la metodologia AICLE i fer interxarxa amb altres centres educatius catalans i europeus (Gr\u00e8cia, Roma, Alemanya i Eslov\u00e8nia), que seran explicats i portats a les seves institucions respectives en els pr\u00f2xims articles i a les xarxes socials Instagram del nostre centre (escola_el_gegant_del_rec).<\/span>\r\n\r\n<span style=\"font-weight: 400;\">El nostre consorci, CETE+, est\u00e0 format per 84 centres de Prim\u00e0ria i Secund\u00e0ria, coordinats i acompanyats per t\u00e8cnics del Departament d\u2019Educaci\u00f3, repartits per arreu del territori catal\u00e0.\u00a0<\/span>\r\n\r\n<span style=\"font-weight: 400;\">En el nostre cas, dels 14 microconsorcis que hi ha, nosaltres pertanyem al d\u2019EMAILC (<\/span><span style=\"font-weight: 400;\">Enfocaments metodol\u00f2gics per a l\u2019aprenentatge integrat de lleng\u00fces i de lleng\u00fces i continguts).\u00a0<\/span>\r\n\r\nDins del nostre microconsorci EMAILC, tenim diferents i diversos objectius. En el nostre cas s\u00f3n:\r\n<ul>\r\n \t<li>Crear una xarxa catalana i europea per crear nous projectes en un futur.<\/li>\r\n \t<li>Fer mobilitats entre el professorat i cursos per millorar en estrat\u00e8gies i metodologies relacionades amb la comprensi\u00f3 oral i lectora.<\/li>\r\n \t<li>Crear o adaptar nou material amb el qual poder millorar aquestes dimensions.<\/li>\r\n<\/ul>\r\n<span style=\"font-weight: 400;\">Al llarg del primer any, vam visitar una escola grega i vam fer un curs a Roma basat en Educaci\u00f3 Art\u00edstica. Aquest segon any, hem pogut visitar dues pa\u00efsos m\u00e9s, Alemanya (Stuttgart) i Eslov\u00e8nia.\u00a0<\/span>\r\n\r\n<span style=\"font-weight: 400;\">Actualment, restem a l\u2019espera per obtenir l\u2019acreditaci\u00f3 Erasmus+ KA120.\u00a0<\/span>\r\n\r\n<img class=\"wp-image-19195 alignright\" src=\"https:\/\/agora.xtec.cat\/esc-elgegantdelrec\/wp-content\/uploads\/usu182\/2022\/02\/Logo-Sepie.png\" sizes=\"(max-width: 188px) 100vw, 188px\" srcset=\"https:\/\/agora.xtec.cat\/esc-elgegantdelrec\/wp-content\/uploads\/usu182\/2022\/02\/Logo-Sepie.png 518w, https:\/\/agora.xtec.cat\/esc-elgegantdelrec\/wp-content\/uploads\/usu182\/2022\/02\/Logo-Sepie-300x167.png 300w, https:\/\/agora.xtec.cat\/esc-elgegantdelrec\/wp-content\/uploads\/usu182\/2022\/02\/Logo-Sepie-150x84.png 150w\" alt=\"\" width=\"149\" height=\"83\" \/>\r\n\r\n<img class=\"alignnone\" src=\"https:\/\/encrypted-tbn0.gstatic.com\/images?q=tbn:ANd9GcRTDIyDw99B5hCMrMzRxPuI8bN_hgB6FQMO9T4GWPVG&amp;s\" alt=\"Identidad visual y logotipos - Comunicaci\u00f3n - SEPIE - Erasmus+\" \/><a href=\"https:\/\/projectes.xtec.cat\/cete\/\"><img class=\"alignnone wp-image-21962\" src=\"https:\/\/agora.xtec.cat\/esc-elgegantdelrec\/wp-content\/uploads\/usu182\/2023\/11\/Captura-1.jpg\" alt=\"\" width=\"145\" height=\"83\" \/><\/a><a href=\"https:\/\/european-union.europa.eu\/legal-notice_en\"><img class=\"\" src=\"https:\/\/punttic.gencat.cat\/sites\/default\/files\/styles\/imatge1200x630\/public\/miniatures\/dep-ensenyament-logo.png?itok=FRx1onpF\" alt=\"Convocat\u00f2ria dels Premis Catalunya d'Educaci\u00f3 | Xarxa Punt TIC\" width=\"149\" height=\"78\" \/><\/a><a style=\"color: #2795b6;\" href=\"https:\/\/european-union.europa.eu\/legal-notice_en\"><img class=\"alignnone wp-image-21965\" src=\"https:\/\/agora.xtec.cat\/esc-elgegantdelrec\/wp-content\/uploads\/usu182\/2023\/11\/normal-reproduction-high-resolution-1.jpg\" alt=\"\" width=\"107\" height=\"71\" \/><\/a>\r\n\r\n<a href=\"https:\/\/european-union.europa.eu\/legal-notice_en\">\u00a0 \u00a0 \u00a0<\/a>\r\n\r\nThis year we are in a 7-year-project Erasmus+ project \u201cEuropean Consortium for Educational Transformation\u201d within the framework of the Erasmus+ KA120 programme and the accreditation in the field of school education earned by the Catalan Department of Education. In other words, we are becoming more international, besides doing etwinning projects with European colleagues, by doing a project where it envolves visiting other countries (Greece, Rome, Germany and Slovenia), which will be explained and linked to their schools in the following posts and in our Instagram account (escola_el_gegant_del_rec).\r\n\r\nThanks to\u00a0<strong>CETE+ (European Consortium for Educational Transformation)<\/strong>, we are doing some courses so that teachers exchange experiences and learn new and interesting resources to implement in our school, El Gegant del Rec.\r\n<div class=\"landing-intro landing-home no-picture\">\r\n<div class=\"intro-content\">\r\n\r\nThere are 84 schools in Catalunya and 14 units of the Department\u00a0 participating co-ordinately to accomplish the among other goals:\r\n\r\na) the internationalization of the participants\r\nb) the acquisition of higher standard practices.\r\n\r\nTherefore, the project will provide opportunities to take part in courses and observation periods to promote international cooperation, diversity and inclusion, environmental sustainability, learning communities and digital education.\r\n\r\nOur groups is called EMAILC. Inside it, we have different aims:\r\n<ul>\r\n \t<li>Create a Catalan and European web between different schools.<\/li>\r\n \t<li>Do job shadowings and courses to improve our kids' oral and reading comprehension.<\/li>\r\n \t<li>Create or adapt new material to improve the dimensions above.<\/li>\r\n<\/ul>\r\nIn our case, we participate in an EMAILC\u2019s job shadowing, where we exchange information and experiences with a Greek school and we did a course on Art in Rome. On our second year, we did a job shadowing in Stuttgart and in Slovenia.\r\n\r\n&nbsp;\r\n\r\n<img class=\"wp-image-19195 alignright\" src=\"https:\/\/agora.xtec.cat\/esc-elgegantdelrec\/wp-content\/uploads\/usu182\/2022\/02\/Logo-Sepie.png\" sizes=\"(max-width: 188px) 100vw, 188px\" srcset=\"https:\/\/agora.xtec.cat\/esc-elgegantdelrec\/wp-content\/uploads\/usu182\/2022\/02\/Logo-Sepie.png 518w, https:\/\/agora.xtec.cat\/esc-elgegantdelrec\/wp-content\/uploads\/usu182\/2022\/02\/Logo-Sepie-300x167.png 300w, https:\/\/agora.xtec.cat\/esc-elgegantdelrec\/wp-content\/uploads\/usu182\/2022\/02\/Logo-Sepie-150x84.png 150w\" alt=\"\" width=\"188\" height=\"105\" \/>\r\n\r\n<\/div>\r\n<\/div>\r\n<img src=\"https:\/\/encrypted-tbn0.gstatic.com\/images?q=tbn:ANd9GcRTDIyDw99B5hCMrMzRxPuI8bN_hgB6FQMO9T4GWPVG&amp;s\" alt=\"Identidad visual y logotipos - Comunicaci\u00f3n - SEPIE - Erasmus+\" \/><a href=\"https:\/\/projectes.xtec.cat\/cete\/\"><img class=\"alignnone wp-image-21962\" src=\"https:\/\/agora.xtec.cat\/esc-elgegantdelrec\/wp-content\/uploads\/usu182\/2023\/11\/Captura-1.jpg\" alt=\"\" width=\"161\" height=\"92\" \/><\/a>\u00a0<a style=\"color: #2795b6;\" href=\"https:\/\/european-union.europa.eu\/legal-notice_en\"><img class=\"\" src=\"https:\/\/punttic.gencat.cat\/sites\/default\/files\/styles\/imatge1200x630\/public\/miniatures\/dep-ensenyament-logo.png?itok=FRx1onpF\" alt=\"Convocat\u00f2ria dels Premis Catalunya d'Educaci\u00f3 | Xarxa Punt TIC\" width=\"149\" height=\"78\" \/><\/a><a style=\"font-family: inherit; font-size: 1em;\" href=\"https:\/\/european-union.europa.eu\/legal-notice_en\"><img class=\"alignnone wp-image-21965\" src=\"https:\/\/agora.xtec.cat\/esc-elgegantdelrec\/wp-content\/uploads\/usu182\/2023\/11\/normal-reproduction-high-resolution-1.jpg\" alt=\"\" width=\"134\" height=\"89\" \/>\u00a0 \u00a0 \u00a0<\/a>\r\n\r\n&nbsp;\r\n\r\n&nbsp;\r\n\r\n&nbsp;\r\n\r\n&nbsp;","link":"https:\/\/agora.xtec.cat\/esc-elgegantdelrec\/categoria\/especialitats\/english\/erasmus\/","name":"Erasmus+","slug":"erasmus","taxonomy":"category","parent":66,"meta":[],"_links":{"self":[{"href":"https:\/\/agora.xtec.cat\/esc-elgegantdelrec\/wp-json\/wp\/v2\/categories\/295","targetHints":{"allow":["GET"]}}],"collection":[{"href":"https:\/\/agora.xtec.cat\/esc-elgegantdelrec\/wp-json\/wp\/v2\/categories"}],"about":[{"href":"https:\/\/agora.xtec.cat\/esc-elgegantdelrec\/wp-json\/wp\/v2\/taxonomies\/category"}],"up":[{"embeddable":true,"href":"https:\/\/agora.xtec.cat\/esc-elgegantdelrec\/wp-json\/wp\/v2\/categories\/66"}],"wp:post_type":[{"href":"https:\/\/agora.xtec.cat\/esc-elgegantdelrec\/wp-json\/wp\/v2\/posts?categories=295"}],"curies":[{"name":"wp","href":"https:\/\/api.w.org\/{rel}","templated":true}]}}