{"id":9297,"date":"2022-03-18T09:53:16","date_gmt":"2022-03-18T08:53:16","guid":{"rendered":"https:\/\/agora.xtec.cat\/esc-elfar\/?p=9297"},"modified":"2022-03-18T09:53:16","modified_gmt":"2022-03-18T08:53:16","slug":"descobrim-les-fites-del-terme","status":"publish","type":"post","link":"https:\/\/agora.xtec.cat\/esc-elfar\/nivells\/descobrim-les-fites-del-terme\/","title":{"rendered":"Descobrim les fites del terme"},"content":{"rendered":"<p style=\"text-align: justify;\">Dins del projecte interdisciplinari de centre, ens hem acostumat a sortir sovint per fer petites excursions i observar el nostre entorn.<\/p>\n<p style=\"text-align: justify;\">Una\u00a0fita,\u00a0fita de terme,\u00a0pedra de fita\u00a0o\u00a0moll\u00f3\u00a0\u00e9s una marca sobre el terra que serveix per a delimitar un\u00a0<span style=\"color: #000000;\"><a class=\"mw-redirect\" style=\"color: #000000;\" title=\"Terme municipal\" href=\"https:\/\/ca.wikipedia.org\/wiki\/Terme_municipal\">terme<\/a>\u00a0o\u00a0<a class=\"mw-redirect\" style=\"color: #000000;\" title=\"Finca\" href=\"https:\/\/ca.wikipedia.org\/wiki\/Finca\">finca<\/a><sup id=\"cite_ref-2\" class=\"reference\"><\/sup>\u00a0<\/span>o b\u00e9 per a marcar el recorregut d&#8217;una\u00a0<span style=\"color: #000000;\"><a class=\"mw-redirect\" style=\"color: #000000;\" title=\"Via\" href=\"https:\/\/ca.wikipedia.org\/wiki\/Via\">via<\/a>,\u00a0<a style=\"color: #000000;\" title=\"Cam\u00ed\" href=\"https:\/\/ca.wikipedia.org\/wiki\/Cam%C3%AD\">cam\u00ed<\/a>\u00a0o\u00a0<a style=\"color: #000000;\" title=\"Carretera\" href=\"https:\/\/ca.wikipedia.org\/wiki\/Carretera\">carretera<\/a><\/span>. <sup id=\"cite_ref-3\" class=\"reference\"><\/sup>Solen ser fets de\u00a0<span style=\"color: #000000;\"><a style=\"color: #000000;\" title=\"Pedra\" href=\"https:\/\/ca.wikipedia.org\/wiki\/Pedra\">pedra<\/a><\/span>, tot i que modernament s\u00f3n fetes de\u00a0<span style=\"color: #000000;\"><a class=\"mw-redirect\" style=\"color: #000000;\" title=\"Metalls\" href=\"https:\/\/ca.wikipedia.org\/wiki\/Metalls\">metalls<\/a>,\u00a0<a style=\"color: #000000;\" title=\"Ciment\" href=\"https:\/\/ca.wikipedia.org\/wiki\/Ciment\">ciment<\/a><\/span>\u00a0o altres materials resistents a les inclem\u00e8ncies del temps. Molt sovint duen inscripcions que indiquen la dist\u00e0ncia a l&#8217;origen del terme. \u00c9s probable que derivin dels\u00a0<span style=\"color: #000000;\"><a class=\"mw-redirect\" style=\"color: #000000;\" title=\"Milliana\" href=\"https:\/\/ca.wikipedia.org\/wiki\/Milliana\">mil\u00b7liaris<\/a><\/span>\u00a0que els romans col\u00b7locaven a les seves\u00a0<span style=\"color: #000000;\"><a style=\"color: #000000;\" title=\"Via romana\" href=\"https:\/\/ca.wikipedia.org\/wiki\/Via_romana\">vies<\/a>.<\/span><\/p>\n<p style=\"text-align: justify;\">Aquesta setmana passada v\u00e0rem anar a buscar una de les fites de terme fetes de pedra que tenim m\u00e9s ben conservades, entre El Far i Forti\u00e0. All\u00e0 v\u00e0rem repassar les principals estances que formaven part d&#8217;una casa de pag\u00e8s tot mirant el mas de can<em> Picasal<\/em> i v\u00e0rem explicar an\u00e8cdotes i curiositats del rec que passa per darrere i on, fa anys, la gent del poble hi pescava anguiles!<\/p>\n<p><img loading=\"lazy\" decoding=\"async\" class=\"aligncenter size-full wp-image-9299\" src=\"https:\/\/agora.xtec.cat\/esc-elfar\/wp-content\/uploads\/usu1629\/2022\/03\/IMG_9292-COLLAGE.jpg\" alt=\"\" width=\"664\" height=\"664\" srcset=\"https:\/\/agora.xtec.cat\/esc-elfar\/wp-content\/uploads\/usu1629\/2022\/03\/IMG_9292-COLLAGE.jpg 664w, https:\/\/agora.xtec.cat\/esc-elfar\/wp-content\/uploads\/usu1629\/2022\/03\/IMG_9292-COLLAGE-300x300.jpg 300w, https:\/\/agora.xtec.cat\/esc-elfar\/wp-content\/uploads\/usu1629\/2022\/03\/IMG_9292-COLLAGE-150x150.jpg 150w\" sizes=\"auto, (max-width: 664px) 100vw, 664px\" \/><\/p>\n<p style=\"text-align: center;\"><span style=\"font-weight: 400;\">Per veure les fotografies de l\u2019activitat <\/span><a href=\"https:\/\/drive.google.com\/drive\/folders\/12Gowqa04SlE8_-1K5dCpJS_sNhdT1wUM?usp=sharing\"><b>clica aqu\u00ed<\/b><\/a><span style=\"font-weight: 400;\"> i entra a l\u2019\u00e0rea privada d\u2019escola amb l\u2019usuari de fam\u00edlia. <\/span><\/p>\n","protected":false},"excerpt":{"rendered":"<p>Dins del projecte interdisciplinari de centre, ens hem acostumat a sortir sovint per fer petites excursions i observar el nostre entorn.<br \/>\nUna\u00a0fita,\u00a0fita de terme,\u00a0pedra de fita\u00a0o\u00a0moll\u00f3\u00a0\u00e9s una marca sobre el terra que serveix per a delimitar un\u00a0<a class=\"mw-redirect\" style=\"color: #000000;\" title=\"Terme municipal\" href=\"https:\/\/ca.wikipedia.org\/wiki\/Terme_municipal\">terme<\/a>\u00a0o\u00a0<a class=\"mw-redirect\" style=\"color: #000000;\"&hellip;  <a href=\"https:\/\/agora.xtec.cat\/esc-elfar\/nivells\/descobrim-les-fites-del-terme\/\" title=\"Read Descobrim les fites del terme\">Llegeix m\u00e9s\u00bb<\/a><\/p>\n","protected":false},"author":1,"featured_media":9305,"comment_status":"open","ping_status":"closed","sticky":false,"template":"","format":"standard","meta":{"_bbp_topic_count":0,"_bbp_reply_count":0,"_bbp_total_topic_count":0,"_bbp_total_reply_count":0,"_bbp_voice_count":0,"_bbp_anonymous_reply_count":0,"_bbp_topic_count_hidden":0,"_bbp_reply_count_hidden":0,"_bbp_forum_subforum_count":0,"footnotes":""},"categories":[117,3,153,1,118],"tags":[69,70,72,16],"class_list":["post-9297","post","type-post","status-publish","format-standard","has-post-thumbnail","hentry","category-4t","category-5e","category-els-nostres-espais-naturals","category-nivells","category-projectes-interdisciplinaris","tag-1r","tag-2n","tag-ci","tag-sortides"],"post_mailing_queue_ids":[],"_links":{"self":[{"href":"https:\/\/agora.xtec.cat\/esc-elfar\/wp-json\/wp\/v2\/posts\/9297","targetHints":{"allow":["GET"]}}],"collection":[{"href":"https:\/\/agora.xtec.cat\/esc-elfar\/wp-json\/wp\/v2\/posts"}],"about":[{"href":"https:\/\/agora.xtec.cat\/esc-elfar\/wp-json\/wp\/v2\/types\/post"}],"author":[{"embeddable":true,"href":"https:\/\/agora.xtec.cat\/esc-elfar\/wp-json\/wp\/v2\/users\/1"}],"replies":[{"embeddable":true,"href":"https:\/\/agora.xtec.cat\/esc-elfar\/wp-json\/wp\/v2\/comments?post=9297"}],"version-history":[{"count":3,"href":"https:\/\/agora.xtec.cat\/esc-elfar\/wp-json\/wp\/v2\/posts\/9297\/revisions"}],"predecessor-version":[{"id":9304,"href":"https:\/\/agora.xtec.cat\/esc-elfar\/wp-json\/wp\/v2\/posts\/9297\/revisions\/9304"}],"wp:featuredmedia":[{"embeddable":true,"href":"https:\/\/agora.xtec.cat\/esc-elfar\/wp-json\/wp\/v2\/media\/9305"}],"wp:attachment":[{"href":"https:\/\/agora.xtec.cat\/esc-elfar\/wp-json\/wp\/v2\/media?parent=9297"}],"wp:term":[{"taxonomy":"category","embeddable":true,"href":"https:\/\/agora.xtec.cat\/esc-elfar\/wp-json\/wp\/v2\/categories?post=9297"},{"taxonomy":"post_tag","embeddable":true,"href":"https:\/\/agora.xtec.cat\/esc-elfar\/wp-json\/wp\/v2\/tags?post=9297"}],"curies":[{"name":"wp","href":"https:\/\/api.w.org\/{rel}","templated":true}]}}