{"id":14893,"date":"2026-04-27T14:05:28","date_gmt":"2026-04-27T12:05:28","guid":{"rendered":"https:\/\/agora.xtec.cat\/esc-elfar\/?p=14893"},"modified":"2026-04-27T14:05:28","modified_gmt":"2026-04-27T12:05:28","slug":"installacions-artistic-poetic-al-nucli-del-far","status":"publish","type":"post","link":"https:\/\/agora.xtec.cat\/esc-elfar\/nivells\/installacions-artistic-poetic-al-nucli-del-far\/","title":{"rendered":"Instal\u00b7lacions art\u00edstic-po\u00e8tic al nucli del Far"},"content":{"rendered":"<p style=\"text-align: justify;\">Aquest any, coincidint amb la jornada de St. Jordi, l&#8217;escola ha realitzat un projecte en qu\u00e8 ha combinat el treball de diferents artistes amb la recitaci\u00f3 de poemes triats que s&#8217;hi adiuen d&#8217;all\u00f2 m\u00e9s. Un total de set creacions art\u00edstiques han quedat instal\u00b7lades en diferents llocs del nucli del poble del Far per tal que els visitants gaudeixin del treball escolar de tot l&#8217;alumnat. Durant el cap de setmana posterior a St. Jordi, han estat molts els ve\u00efns i ve\u00efnes, visitants i familiars que s&#8217;han acostat al poble buscant els raconets engalanats. La conclusi\u00f3 \u00e9s que ha estat una proposta molt ben acceptada i molt gaudida per a tothom.<\/p>\n<p>Activitats com aquesta, ajuden a dignificar el poble i a fer que l&#8217;alumnat en formi part directa.<\/p>\n<p><img loading=\"lazy\" decoding=\"async\" class=\"aligncenter size-large wp-image-14900\" src=\"https:\/\/agora.xtec.cat\/esc-elfar\/wp-content\/uploads\/usu1629\/2026\/04\/IMG_1139-COLLAGE-1024x1024.jpg\" alt=\"\" width=\"1024\" height=\"1024\" srcset=\"https:\/\/agora.xtec.cat\/esc-elfar\/wp-content\/uploads\/usu1629\/2026\/04\/IMG_1139-COLLAGE-1024x1024.jpg 1024w, https:\/\/agora.xtec.cat\/esc-elfar\/wp-content\/uploads\/usu1629\/2026\/04\/IMG_1139-COLLAGE-300x300.jpg 300w, https:\/\/agora.xtec.cat\/esc-elfar\/wp-content\/uploads\/usu1629\/2026\/04\/IMG_1139-COLLAGE-150x150.jpg 150w, https:\/\/agora.xtec.cat\/esc-elfar\/wp-content\/uploads\/usu1629\/2026\/04\/IMG_1139-COLLAGE-768x768.jpg 768w, https:\/\/agora.xtec.cat\/esc-elfar\/wp-content\/uploads\/usu1629\/2026\/04\/IMG_1139-COLLAGE-1536x1536.jpg 1536w, https:\/\/agora.xtec.cat\/esc-elfar\/wp-content\/uploads\/usu1629\/2026\/04\/IMG_1139-COLLAGE.jpg 2046w\" sizes=\"auto, (max-width: 1024px) 100vw, 1024px\" \/><\/p>\n<p style=\"text-align: center;\"><span style=\"font-weight: 400;\">Per veure les fotografies de l\u2019activitat <a href=\"https:\/\/drive.google.com\/drive\/folders\/1VyzhxbeFzQyKPQkuVpyVT_4EpVgkFNnK?usp=drive_link\">\u00a0clica aqu\u00ed <\/a>entra a l\u2019\u00e0rea privada d\u2019escola amb l\u2019usuari de fam\u00edlia.<\/span><\/p>\n","protected":false},"excerpt":{"rendered":"<p>Aquest any, coincidint amb la jornada de St. Jordi, l&#8217;escola ha realitzat un projecte en qu\u00e8 ha combinat el treball de diferents artistes amb la recitaci\u00f3 de poemes triats que s&#8217;hi adiuen d&#8217;all\u00f2 m\u00e9s. Un total de set creacions art\u00edstiques han quedat instal\u00b7lades en diferents&hellip;  <a href=\"https:\/\/agora.xtec.cat\/esc-elfar\/nivells\/installacions-artistic-poetic-al-nucli-del-far\/\" title=\"Read Instal\u00b7lacions art\u00edstic-po\u00e8tic al nucli del Far\">Llegeix m\u00e9s\u00bb<\/a><\/p>\n","protected":false},"author":1,"featured_media":14900,"comment_status":"open","ping_status":"open","sticky":false,"template":"","format":"standard","meta":{"_bbp_topic_count":0,"_bbp_reply_count":0,"_bbp_total_topic_count":0,"_bbp_total_reply_count":0,"_bbp_voice_count":0,"_bbp_anonymous_reply_count":0,"_bbp_topic_count_hidden":0,"_bbp_reply_count_hidden":0,"_bbp_forum_subforum_count":0,"footnotes":""},"categories":[154,145,134,117,3,146,231,217,202,1],"tags":[60,61,138,100,88,17],"class_list":["post-14893","post","type-post","status-publish","format-standard","has-post-thumbnail","hentry","category-1r","category-2n","category-3r","category-4t","category-5e","category-6e","category-i3","category-i4","category-i5","category-nivells","tag-infantil","tag-primaria","tag-el-poble","tag-exposicio","tag-llengua","tag-plastica"],"post_mailing_queue_ids":[],"_links":{"self":[{"href":"https:\/\/agora.xtec.cat\/esc-elfar\/wp-json\/wp\/v2\/posts\/14893","targetHints":{"allow":["GET"]}}],"collection":[{"href":"https:\/\/agora.xtec.cat\/esc-elfar\/wp-json\/wp\/v2\/posts"}],"about":[{"href":"https:\/\/agora.xtec.cat\/esc-elfar\/wp-json\/wp\/v2\/types\/post"}],"author":[{"embeddable":true,"href":"https:\/\/agora.xtec.cat\/esc-elfar\/wp-json\/wp\/v2\/users\/1"}],"replies":[{"embeddable":true,"href":"https:\/\/agora.xtec.cat\/esc-elfar\/wp-json\/wp\/v2\/comments?post=14893"}],"version-history":[{"count":6,"href":"https:\/\/agora.xtec.cat\/esc-elfar\/wp-json\/wp\/v2\/posts\/14893\/revisions"}],"predecessor-version":[{"id":14903,"href":"https:\/\/agora.xtec.cat\/esc-elfar\/wp-json\/wp\/v2\/posts\/14893\/revisions\/14903"}],"wp:featuredmedia":[{"embeddable":true,"href":"https:\/\/agora.xtec.cat\/esc-elfar\/wp-json\/wp\/v2\/media\/14900"}],"wp:attachment":[{"href":"https:\/\/agora.xtec.cat\/esc-elfar\/wp-json\/wp\/v2\/media?parent=14893"}],"wp:term":[{"taxonomy":"category","embeddable":true,"href":"https:\/\/agora.xtec.cat\/esc-elfar\/wp-json\/wp\/v2\/categories?post=14893"},{"taxonomy":"post_tag","embeddable":true,"href":"https:\/\/agora.xtec.cat\/esc-elfar\/wp-json\/wp\/v2\/tags?post=14893"}],"curies":[{"name":"wp","href":"https:\/\/api.w.org\/{rel}","templated":true}]}}