{"id":14090,"date":"2026-04-28T08:00:05","date_gmt":"2026-04-28T06:00:05","guid":{"rendered":"https:\/\/agora.xtec.cat\/esc-elfar\/?p=14090"},"modified":"2026-04-27T17:01:12","modified_gmt":"2026-04-27T15:01:12","slug":"__trashed-2","status":"publish","type":"post","link":"https:\/\/agora.xtec.cat\/esc-elfar\/nivells\/__trashed-2\/","title":{"rendered":"Soc un Mico"},"content":{"rendered":"<p>El Pot Petit va treure una can\u00e7\u00f3 anomenada <strong>Soc un Mico<\/strong> l&#8217;any 2018. \u00c9s una can\u00e7\u00f3 d&#8217;estil infantil.<\/p>\n<p>El Pot Petit \u00e9s un grup musical i companyia de teatre i animaci\u00f3 de l&#8217;Empord\u00e0 fundat l&#8217;any 2009 per Siddartha Vargas i Helena Bagu\u00e9. El Pot Petit organitza espectacles diversos pensats per tota la fam\u00edlia i en especials en nens.<\/p>\n<p>El 2020 el grup havia esdevingut molt popular entre el p\u00fablic familiar, amb milions de reproduccions de les seves can\u00e7ons i v\u00eddeos.<\/p>\n<p><a href=\"https:\/\/agora.xtec.cat\/esc-elfar\/wp-content\/uploads\/usu1629\/2026\/05\/Pot-petit.jpg\"><img loading=\"lazy\" decoding=\"async\" class=\"size-full wp-image-14188 aligncenter\" src=\"https:\/\/agora.xtec.cat\/esc-elfar\/wp-content\/uploads\/usu1629\/2026\/05\/Pot-petit.jpg\" alt=\"\" width=\"275\" height=\"183\" \/><\/a><\/p>\n","protected":false},"excerpt":{"rendered":"<p>El Pot Petit va treure una can\u00e7\u00f3 anomenada Soc un Mico l&#8217;any 2018. \u00c9s una can\u00e7\u00f3 d&#8217;estil infantil.<br \/>\nEl Pot Petit \u00e9s un grup musical i companyia de teatre i animaci\u00f3 de l&#8217;Empord\u00e0 fundat l&#8217;any 2009 per Siddartha Vargas i Helena Bagu\u00e9. El Pot Petit organitza&hellip;  <a href=\"https:\/\/agora.xtec.cat\/esc-elfar\/nivells\/__trashed-2\/\" title=\"Read Soc un Mico\">Llegeix m\u00e9s\u00bb<\/a><\/p>\n","protected":false},"author":43,"featured_media":14158,"comment_status":"open","ping_status":"open","sticky":false,"template":"","format":"standard","meta":{"_bbp_topic_count":0,"_bbp_reply_count":0,"_bbp_total_topic_count":0,"_bbp_total_reply_count":0,"_bbp_voice_count":0,"_bbp_anonymous_reply_count":0,"_bbp_topic_count_hidden":0,"_bbp_reply_count_hidden":0,"_bbp_forum_subforum_count":0,"footnotes":""},"categories":[154,145,134,117,3,146,231,217,202,1],"tags":[76,77,73,203,63],"class_list":["post-14090","post","type-post","status-publish","format-standard","has-post-thumbnail","hentry","category-1r","category-2n","category-3r","category-4t","category-5e","category-6e","category-i3","category-i4","category-i5","category-nivells","tag-5e","tag-6e","tag-cs","tag-competencia-digital","tag-musica"],"post_mailing_queue_ids":[],"_links":{"self":[{"href":"https:\/\/agora.xtec.cat\/esc-elfar\/wp-json\/wp\/v2\/posts\/14090","targetHints":{"allow":["GET"]}}],"collection":[{"href":"https:\/\/agora.xtec.cat\/esc-elfar\/wp-json\/wp\/v2\/posts"}],"about":[{"href":"https:\/\/agora.xtec.cat\/esc-elfar\/wp-json\/wp\/v2\/types\/post"}],"author":[{"embeddable":true,"href":"https:\/\/agora.xtec.cat\/esc-elfar\/wp-json\/wp\/v2\/users\/43"}],"replies":[{"embeddable":true,"href":"https:\/\/agora.xtec.cat\/esc-elfar\/wp-json\/wp\/v2\/comments?post=14090"}],"version-history":[{"count":4,"href":"https:\/\/agora.xtec.cat\/esc-elfar\/wp-json\/wp\/v2\/posts\/14090\/revisions"}],"predecessor-version":[{"id":14189,"href":"https:\/\/agora.xtec.cat\/esc-elfar\/wp-json\/wp\/v2\/posts\/14090\/revisions\/14189"}],"wp:featuredmedia":[{"embeddable":true,"href":"https:\/\/agora.xtec.cat\/esc-elfar\/wp-json\/wp\/v2\/media\/14158"}],"wp:attachment":[{"href":"https:\/\/agora.xtec.cat\/esc-elfar\/wp-json\/wp\/v2\/media?parent=14090"}],"wp:term":[{"taxonomy":"category","embeddable":true,"href":"https:\/\/agora.xtec.cat\/esc-elfar\/wp-json\/wp\/v2\/categories?post=14090"},{"taxonomy":"post_tag","embeddable":true,"href":"https:\/\/agora.xtec.cat\/esc-elfar\/wp-json\/wp\/v2\/tags?post=14090"}],"curies":[{"name":"wp","href":"https:\/\/api.w.org\/{rel}","templated":true}]}}