{"id":11913,"date":"2024-02-10T07:33:22","date_gmt":"2024-02-10T06:33:22","guid":{"rendered":"https:\/\/agora.xtec.cat\/esc-elfar\/?p=11913"},"modified":"2024-02-10T07:36:34","modified_gmt":"2024-02-10T06:36:34","slug":"la-gran-rua-de-lescola-alicia-en-el-pais-de-les-meravelles","status":"publish","type":"post","link":"https:\/\/agora.xtec.cat\/esc-elfar\/nivells\/la-gran-rua-de-lescola-alicia-en-el-pais-de-les-meravelles\/","title":{"rendered":"La gran Rua de l&#8217;escola; Al\u00edcia en el pa\u00eds de les Meravelles"},"content":{"rendered":"<p style=\"text-align: justify;\">A la nostra escola \u00e9s tradici\u00f3 fer una gran rua per tal que les fam\u00edlies, amics i ve\u00efns puguin participar d&#8217;aquesta activitat que a tots ens encanta. Enguany hem escollit un conte per tal que tota l&#8217;escola es caractaritz\u00e9s d&#8217;alg\u00fan personatge lligat al conte fant\u00e0stic d&#8217;Al\u00edcia en el pa\u00eds de les Meravelles.<\/p>\n<p style=\"text-align: justify;\"><i><b>Al\u00edcia en terra de meravelles<\/b><\/i>\u00a0o\u00a0<i><b>Al\u00edcia al pa\u00eds de les meravelles<\/b><\/i> , \u00e9s una obra de literatura fant\u00e0stica creada pel matem\u00e0tic, sacerdot anglic\u00e0 i escriptor brit\u00e0nic Charles Lutwidge Dodgson, m\u00e9s conegut amb el pseud\u00f2nim de Lewis Caroll.\u00a0El conte explica la hist\u00f2ria d&#8217;una noia anomenada Al\u00edcia que cau per un forat i es troba en un m\u00f3n de fantasia poblat per criatures peculiars i antropomorfes.<\/p>\n<p>Nosaltres hem escollit alguns dels personatges m\u00e9s caracter\u00edstics que han estat els seg\u00fcents: a I3, els conillets blancs, a I4, els gats, a I5, els taulers d&#8217;escacs, a Cicle Inicial, les reines i reis de cors, a Cicle Mitj\u00e0, les Al\u00edcies i els Sombrerers Boigs, a Cinqu\u00e8, les erugues i a Sis\u00e8, les cartes de la baralla. Un esclat de fantasia per transportar-nos al m\u00f3n m\u00e0gic i surrealista de l&#8217;Al\u00edcia!<\/p>\n<p><img loading=\"lazy\" decoding=\"async\" class=\"aligncenter size-large wp-image-11925\" src=\"https:\/\/agora.xtec.cat\/esc-elfar\/wp-content\/uploads\/usu1629\/2024\/02\/IMG_6496-COLLAGE-1024x1024.jpg\" alt=\"\" width=\"1024\" height=\"1024\" srcset=\"https:\/\/agora.xtec.cat\/esc-elfar\/wp-content\/uploads\/usu1629\/2024\/02\/IMG_6496-COLLAGE-1024x1024.jpg 1024w, https:\/\/agora.xtec.cat\/esc-elfar\/wp-content\/uploads\/usu1629\/2024\/02\/IMG_6496-COLLAGE-300x300.jpg 300w, https:\/\/agora.xtec.cat\/esc-elfar\/wp-content\/uploads\/usu1629\/2024\/02\/IMG_6496-COLLAGE-150x150.jpg 150w, https:\/\/agora.xtec.cat\/esc-elfar\/wp-content\/uploads\/usu1629\/2024\/02\/IMG_6496-COLLAGE-768x768.jpg 768w, https:\/\/agora.xtec.cat\/esc-elfar\/wp-content\/uploads\/usu1629\/2024\/02\/IMG_6496-COLLAGE-1536x1536.jpg 1536w, https:\/\/agora.xtec.cat\/esc-elfar\/wp-content\/uploads\/usu1629\/2024\/02\/IMG_6496-COLLAGE.jpg 2046w\" sizes=\"auto, (max-width: 1024px) 100vw, 1024px\" \/><\/p>\n<p style=\"text-align: center;\"><span style=\"font-weight: 400;\">Per veure les fotografies de l\u2019activitat <\/span><a href=\"https:\/\/drive.google.com\/drive\/folders\/1DtUpBGJp65j97VctNuiL_Ps0BwcqHKhD?usp=drive_link\" target=\"_blank\" rel=\"noopener\"><b>clica aqu\u00ed<\/b><\/a><span style=\"font-weight: 400;\"> i entra a l\u2019\u00e0rea privada d\u2019escola amb l\u2019usuari de fam\u00edlia.<\/span><\/p>\n<p><img loading=\"lazy\" decoding=\"async\" class=\"aligncenter size-large wp-image-11929\" src=\"https:\/\/agora.xtec.cat\/esc-elfar\/wp-content\/uploads\/usu1629\/2024\/02\/IMG_6549-COLLAGE-1024x1024.jpg\" alt=\"\" width=\"1024\" height=\"1024\" srcset=\"https:\/\/agora.xtec.cat\/esc-elfar\/wp-content\/uploads\/usu1629\/2024\/02\/IMG_6549-COLLAGE-1024x1024.jpg 1024w, https:\/\/agora.xtec.cat\/esc-elfar\/wp-content\/uploads\/usu1629\/2024\/02\/IMG_6549-COLLAGE-300x300.jpg 300w, https:\/\/agora.xtec.cat\/esc-elfar\/wp-content\/uploads\/usu1629\/2024\/02\/IMG_6549-COLLAGE-150x150.jpg 150w, https:\/\/agora.xtec.cat\/esc-elfar\/wp-content\/uploads\/usu1629\/2024\/02\/IMG_6549-COLLAGE-768x768.jpg 768w, https:\/\/agora.xtec.cat\/esc-elfar\/wp-content\/uploads\/usu1629\/2024\/02\/IMG_6549-COLLAGE-1536x1536.jpg 1536w, https:\/\/agora.xtec.cat\/esc-elfar\/wp-content\/uploads\/usu1629\/2024\/02\/IMG_6549-COLLAGE.jpg 2047w\" sizes=\"auto, (max-width: 1024px) 100vw, 1024px\" \/><\/p>\n","protected":false},"excerpt":{"rendered":"<p>A la nostra escola \u00e9s tradici\u00f3 fer una gran rua per tal que les fam\u00edlies, amics i ve\u00efns puguin participar d&#8217;aquesta activitat que a tots ens encanta. Enguany hem escollit un conte per tal que tota l&#8217;escola es caractaritz\u00e9s d&#8217;alg\u00fan personatge lligat al conte fant\u00e0stic d&#8217;Al\u00edcia en el pa\u00eds de les Meravelles. Al\u00edcia en terra [&hellip;]<\/p>\n","protected":false},"author":1,"featured_media":11931,"comment_status":"open","ping_status":"closed","sticky":false,"template":"","format":"standard","meta":{"_bbp_topic_count":0,"_bbp_reply_count":0,"_bbp_total_topic_count":0,"_bbp_total_reply_count":0,"_bbp_voice_count":0,"_bbp_anonymous_reply_count":0,"_bbp_topic_count_hidden":0,"_bbp_reply_count_hidden":0,"_bbp_forum_subforum_count":0,"site-sidebar-layout":"default","site-content-layout":"","ast-site-content-layout":"","site-content-style":"default","site-sidebar-style":"default","ast-global-header-display":"","ast-banner-title-visibility":"","ast-main-header-display":"","ast-hfb-above-header-display":"","ast-hfb-below-header-display":"","ast-hfb-mobile-header-display":"","site-post-title":"","ast-breadcrumbs-content":"","ast-featured-img":"","footer-sml-layout":"","theme-transparent-header-meta":"","adv-header-id-meta":"","stick-header-meta":"","header-above-stick-meta":"","header-main-stick-meta":"","header-below-stick-meta":"","astra-migrate-meta-layouts":"default","ast-page-background-enabled":"default","ast-page-background-meta":{"desktop":{"background-color":"var(--ast-global-color-5)","background-image":"","background-repeat":"repeat","background-position":"center center","background-size":"auto","background-attachment":"scroll","background-type":"","background-media":"","overlay-type":"","overlay-color":"","overlay-opacity":"","overlay-gradient":""},"tablet":{"background-color":"","background-image":"","background-repeat":"repeat","background-position":"center center","background-size":"auto","background-attachment":"scroll","background-type":"","background-media":"","overlay-type":"","overlay-color":"","overlay-opacity":"","overlay-gradient":""},"mobile":{"background-color":"","background-image":"","background-repeat":"repeat","background-position":"center center","background-size":"auto","background-attachment":"scroll","background-type":"","background-media":"","overlay-type":"","overlay-color":"","overlay-opacity":"","overlay-gradient":""}},"ast-content-background-meta":{"desktop":{"background-color":"var(--ast-global-color-4)","background-image":"","background-repeat":"repeat","background-position":"center center","background-size":"auto","background-attachment":"scroll","background-type":"","background-media":"","overlay-type":"","overlay-color":"","overlay-opacity":"","overlay-gradient":""},"tablet":{"background-color":"var(--ast-global-color-4)","background-image":"","background-repeat":"repeat","background-position":"center center","background-size":"auto","background-attachment":"scroll","background-type":"","background-media":"","overlay-type":"","overlay-color":"","overlay-opacity":"","overlay-gradient":""},"mobile":{"background-color":"var(--ast-global-color-4)","background-image":"","background-repeat":"repeat","background-position":"center center","background-size":"auto","background-attachment":"scroll","background-type":"","background-media":"","overlay-type":"","overlay-color":"","overlay-opacity":"","overlay-gradient":""}},"footnotes":""},"categories":[202,154,145,134,117,3,1],"tags":[60,61,59],"class_list":["post-11913","post","type-post","status-publish","format-standard","has-post-thumbnail","hentry","category-1r","category-2n","category-3r","category-4t","category-5e","category-6e","category-nivells","tag-infantil","tag-primaria","tag-festes"],"post_mailing_queue_ids":[],"_links":{"self":[{"href":"https:\/\/agora.xtec.cat\/esc-elfar\/wp-json\/wp\/v2\/posts\/11913","targetHints":{"allow":["GET"]}}],"collection":[{"href":"https:\/\/agora.xtec.cat\/esc-elfar\/wp-json\/wp\/v2\/posts"}],"about":[{"href":"https:\/\/agora.xtec.cat\/esc-elfar\/wp-json\/wp\/v2\/types\/post"}],"author":[{"embeddable":true,"href":"https:\/\/agora.xtec.cat\/esc-elfar\/wp-json\/wp\/v2\/users\/1"}],"replies":[{"embeddable":true,"href":"https:\/\/agora.xtec.cat\/esc-elfar\/wp-json\/wp\/v2\/comments?post=11913"}],"version-history":[{"count":6,"href":"https:\/\/agora.xtec.cat\/esc-elfar\/wp-json\/wp\/v2\/posts\/11913\/revisions"}],"predecessor-version":[{"id":11930,"href":"https:\/\/agora.xtec.cat\/esc-elfar\/wp-json\/wp\/v2\/posts\/11913\/revisions\/11930"}],"wp:featuredmedia":[{"embeddable":true,"href":"https:\/\/agora.xtec.cat\/esc-elfar\/wp-json\/wp\/v2\/media\/11931"}],"wp:attachment":[{"href":"https:\/\/agora.xtec.cat\/esc-elfar\/wp-json\/wp\/v2\/media?parent=11913"}],"wp:term":[{"taxonomy":"category","embeddable":true,"href":"https:\/\/agora.xtec.cat\/esc-elfar\/wp-json\/wp\/v2\/categories?post=11913"},{"taxonomy":"post_tag","embeddable":true,"href":"https:\/\/agora.xtec.cat\/esc-elfar\/wp-json\/wp\/v2\/tags?post=11913"}],"curies":[{"name":"wp","href":"https:\/\/api.w.org\/{rel}","templated":true}]}}