{"id":20062,"date":"2026-03-26T13:14:49","date_gmt":"2026-03-26T12:14:49","guid":{"rendered":"https:\/\/agora.xtec.cat\/esc-eeejoanriu\/?p=20062"},"modified":"2026-03-26T13:14:50","modified_gmt":"2026-03-26T12:14:50","slug":"el-nostre-bon-dia-un-moment-petit-molt-gran","status":"publish","type":"post","link":"https:\/\/agora.xtec.cat\/esc-eeejoanriu\/portada\/el-nostre-bon-dia-un-moment-petit-molt-gran\/","title":{"rendered":"EL NOSTRE &#8220;BON DIA&#8221;: UN MOMENT PETIT, MOLT GRAN"},"content":{"rendered":"\n<p><\/p>\n\n\n\n<p>A l\u2019aula de Puputs comencem cada dia amb un SOMRIURE. La <strong>rutina del \u201cBon Dia\u201d<\/strong> \u00e9s un dels moments m\u00e9s importants del dia.&nbsp; \u00c9s un moment on oferim seguretat, anticipaci\u00f3, comunicaci\u00f3 i vincle, on cada detall de la rutina est\u00e0 pensat amb una intencionalitat educativa.<\/p>\n\n\n\n<p><strong>Per qu\u00e8 s\u00f3n&nbsp; importants les rutines?<\/strong><\/p>\n\n\n\n<p>Les rutines ens ofereixen:<\/p>\n\n\n\n<ul class=\"wp-block-list\">\n<li><strong>Seguretat emocional<\/strong>: saber qu\u00e8 passar\u00e0 redueix l\u2019ansietat.<\/li>\n\n\n\n<li><strong>Anticipaci\u00f3<\/strong>: afavoreix la comprensi\u00f3 del temps i de l\u2019entorn.<\/li>\n\n\n\n<li><strong>Comunicaci\u00f3<\/strong>: crea oportunitats d\u2019interacci\u00f3, encara que siguin a trav\u00e9s de la mirada, el gest o la resposta corporal.<\/li>\n\n\n\n<li><strong>Participaci\u00f3 activa<\/strong>: cada alumne, al seu nivell, forma part del moment.<\/li>\n<\/ul>\n\n\n\n<p>A l\u2019aula, la repetici\u00f3 no \u00e9s monotonia; \u00e9s estructura, seguretat i aprenentatge.<\/p>\n\n\n\n<p><strong>Com fem la rutina del bon dia?<\/strong><\/p>\n\n\n\n<p>Cada mat\u00ed ens posem en rotllana, de tal manera facilitem el contacte visual entre nosaltres. La rutina del \u201cBon dia\u201d&nbsp; sempre segueix&nbsp; la mateixa seq\u00fc\u00e8ncia:<\/p>\n\n\n\n<div class=\"wp-block-group is-nowrap is-layout-flex wp-container-core-group-is-layout-2 wp-block-group-is-layout-flex\">\n<div class=\"wp-block-group is-nowrap is-layout-flex wp-container-core-group-is-layout-1 wp-block-group-is-layout-flex\">\n<figure class=\"wp-block-image size-full is-resized\"><img loading=\"lazy\" decoding=\"async\" width=\"336\" height=\"448\" src=\"https:\/\/agora.xtec.cat\/esc-eeejoanriu\/wp-content\/uploads\/usu1550\/2026\/03\/RUTINA-DEL-BON-DIA-2-rotated-e1774452455319.jpg\" alt=\"\" class=\"wp-image-20324\" style=\"width:243px;height:auto\" srcset=\"https:\/\/agora.xtec.cat\/esc-eeejoanriu\/wp-content\/uploads\/usu1550\/2026\/03\/RUTINA-DEL-BON-DIA-2-rotated-e1774452455319.jpg 336w, https:\/\/agora.xtec.cat\/esc-eeejoanriu\/wp-content\/uploads\/usu1550\/2026\/03\/RUTINA-DEL-BON-DIA-2-rotated-e1774452455319-225x300.jpg 225w\" sizes=\"auto, (max-width: 336px) 100vw, 336px\" \/><\/figure>\n<\/div>\n\n\n\n<figure class=\"wp-block-image size-full is-resized\"><img loading=\"lazy\" decoding=\"async\" width=\"336\" height=\"448\" src=\"https:\/\/agora.xtec.cat\/esc-eeejoanriu\/wp-content\/uploads\/usu1550\/2026\/03\/RUTINA-DEL-BON-DIA-8-1-rotated-e1774442780315.jpg\" alt=\"\" class=\"wp-image-20326\" style=\"width:244px;height:auto\" srcset=\"https:\/\/agora.xtec.cat\/esc-eeejoanriu\/wp-content\/uploads\/usu1550\/2026\/03\/RUTINA-DEL-BON-DIA-8-1-rotated-e1774442780315.jpg 336w, https:\/\/agora.xtec.cat\/esc-eeejoanriu\/wp-content\/uploads\/usu1550\/2026\/03\/RUTINA-DEL-BON-DIA-8-1-rotated-e1774442780315-225x300.jpg 225w\" sizes=\"auto, (max-width: 336px) 100vw, 336px\" \/><\/figure>\n<\/div>\n\n\n\n<p><\/p>\n\n\n\n<ol class=\"wp-block-list\">\n<li><strong>Can\u00e7\u00f3 de benvinguda<\/strong><\/li>\n<\/ol>\n\n\n\n<p>Cada dia cantem sempre dues can\u00e7ons:<\/p>\n\n\n\n<p>\ud83c\udfb5 <strong>\u201cBon dia\u201d d\u2019<\/strong><strong>Els Atrapasomnis<\/strong>:&nbsp; Amb aquesta can\u00e7\u00f3 ballem, cantem i ens activem.<\/p>\n\n\n\n<div class=\"wp-block-group is-nowrap is-layout-flex wp-container-core-group-is-layout-3 wp-block-group-is-layout-flex\">\n<figure class=\"wp-block-image size-full is-resized\"><img loading=\"lazy\" decoding=\"async\" width=\"448\" height=\"336\" src=\"https:\/\/agora.xtec.cat\/esc-eeejoanriu\/wp-content\/uploads\/usu1550\/2026\/03\/RUTINA-DEL-BON-DIA-6-1.jpg\" alt=\"\" class=\"wp-image-20320\" style=\"width:368px;height:auto\" srcset=\"https:\/\/agora.xtec.cat\/esc-eeejoanriu\/wp-content\/uploads\/usu1550\/2026\/03\/RUTINA-DEL-BON-DIA-6-1.jpg 448w, https:\/\/agora.xtec.cat\/esc-eeejoanriu\/wp-content\/uploads\/usu1550\/2026\/03\/RUTINA-DEL-BON-DIA-6-1-300x225.jpg 300w, https:\/\/agora.xtec.cat\/esc-eeejoanriu\/wp-content\/uploads\/usu1550\/2026\/03\/RUTINA-DEL-BON-DIA-6-1-200x150.jpg 200w\" sizes=\"auto, (max-width: 448px) 100vw, 448px\" \/><\/figure>\n\n\n\n<figure class=\"wp-block-image size-full is-resized\"><img loading=\"lazy\" decoding=\"async\" width=\"448\" height=\"336\" src=\"https:\/\/agora.xtec.cat\/esc-eeejoanriu\/wp-content\/uploads\/usu1550\/2026\/03\/RUTINA-DEL-BON-DIA-5-1.jpg\" alt=\"\" class=\"wp-image-20322\" style=\"width:369px;height:auto\" srcset=\"https:\/\/agora.xtec.cat\/esc-eeejoanriu\/wp-content\/uploads\/usu1550\/2026\/03\/RUTINA-DEL-BON-DIA-5-1.jpg 448w, https:\/\/agora.xtec.cat\/esc-eeejoanriu\/wp-content\/uploads\/usu1550\/2026\/03\/RUTINA-DEL-BON-DIA-5-1-300x225.jpg 300w, https:\/\/agora.xtec.cat\/esc-eeejoanriu\/wp-content\/uploads\/usu1550\/2026\/03\/RUTINA-DEL-BON-DIA-5-1-200x150.jpg 200w\" sizes=\"auto, (max-width: 448px) 100vw, 448px\" \/><\/figure>\n\n\n\n<figure class=\"wp-block-image size-full is-resized\"><img loading=\"lazy\" decoding=\"async\" width=\"247\" height=\"315\" src=\"https:\/\/agora.xtec.cat\/esc-eeejoanriu\/wp-content\/uploads\/usu1550\/2026\/03\/RUTINA-DEL-BON-DIA-9-2-rotated-e1774526696699.jpg\" alt=\"\" class=\"wp-image-20321\" style=\"width:217px;height:auto\" srcset=\"https:\/\/agora.xtec.cat\/esc-eeejoanriu\/wp-content\/uploads\/usu1550\/2026\/03\/RUTINA-DEL-BON-DIA-9-2-rotated-e1774526696699.jpg 247w, https:\/\/agora.xtec.cat\/esc-eeejoanriu\/wp-content\/uploads\/usu1550\/2026\/03\/RUTINA-DEL-BON-DIA-9-2-rotated-e1774526696699-235x300.jpg 235w\" sizes=\"auto, (max-width: 247px) 100vw, 247px\" \/><\/figure>\n<\/div>\n\n\n\n<p>\ud83c\udfb5 <strong>\u201cBuenos d\u00edas canto yo\u201d<\/strong>: Aquesta can\u00e7\u00f3 explicada amb pictogrames ajuda a l\u2019alumne amb sordesa profunda a comprendre els conceptes que surten a la can\u00e7\u00f3 ( bon dia, despertar, sol, lluna, gall, canto jo,\u2026 )<\/p>\n\n\n\n<div class=\"wp-block-group is-nowrap is-layout-flex wp-container-core-group-is-layout-4 wp-block-group-is-layout-flex\">\n<figure class=\"wp-block-image size-full\"><img loading=\"lazy\" decoding=\"async\" width=\"252\" height=\"316\" src=\"https:\/\/agora.xtec.cat\/esc-eeejoanriu\/wp-content\/uploads\/usu1550\/2026\/03\/RUTINA-DEL-BON-DIA-11-5-rotated-e1774513413231.jpg\" alt=\"\" class=\"wp-image-20323\" srcset=\"https:\/\/agora.xtec.cat\/esc-eeejoanriu\/wp-content\/uploads\/usu1550\/2026\/03\/RUTINA-DEL-BON-DIA-11-5-rotated-e1774513413231.jpg 252w, https:\/\/agora.xtec.cat\/esc-eeejoanriu\/wp-content\/uploads\/usu1550\/2026\/03\/RUTINA-DEL-BON-DIA-11-5-rotated-e1774513413231-239x300.jpg 239w\" sizes=\"auto, (max-width: 252px) 100vw, 252px\" \/><\/figure>\n<\/div>\n\n\n\n<ul class=\"wp-block-list\">\n<li><strong>Salutaci\u00f3 individualitzada<\/strong><\/li>\n<\/ul>\n\n\n\n<p>Cada dia un alumne de l\u2019aula saluda de manera individual als seus companys\/es, tot respectat el seu ritme i espera per tal que es dirigeixi al seu company\/a buscant amb la mirada i apropant-se amb m\u00e9s o menys suport a saludar-lo xocant les seves mans.<\/p>\n\n\n\n<div class=\"wp-block-group is-nowrap is-layout-flex wp-container-core-group-is-layout-5 wp-block-group-is-layout-flex\">\n<figure class=\"wp-block-image size-full is-resized\"><img loading=\"lazy\" decoding=\"async\" width=\"336\" height=\"448\" src=\"https:\/\/agora.xtec.cat\/esc-eeejoanriu\/wp-content\/uploads\/usu1550\/2026\/03\/20260311_101327-1-rotated.jpg\" alt=\"\" class=\"wp-image-20330\" style=\"width:236px;height:auto\" srcset=\"https:\/\/agora.xtec.cat\/esc-eeejoanriu\/wp-content\/uploads\/usu1550\/2026\/03\/20260311_101327-1-rotated.jpg 336w, https:\/\/agora.xtec.cat\/esc-eeejoanriu\/wp-content\/uploads\/usu1550\/2026\/03\/20260311_101327-1-225x300.jpg 225w\" sizes=\"auto, (max-width: 336px) 100vw, 336px\" \/><\/figure>\n\n\n\n<figure class=\"wp-block-image size-full is-resized\"><img loading=\"lazy\" decoding=\"async\" width=\"339\" height=\"336\" src=\"https:\/\/agora.xtec.cat\/esc-eeejoanriu\/wp-content\/uploads\/usu1550\/2026\/03\/RUTINA-DEL-BON-DIA-7-2.jpg\" alt=\"\" class=\"wp-image-20332\" style=\"width:314px;height:auto\" srcset=\"https:\/\/agora.xtec.cat\/esc-eeejoanriu\/wp-content\/uploads\/usu1550\/2026\/03\/RUTINA-DEL-BON-DIA-7-2.jpg 339w, https:\/\/agora.xtec.cat\/esc-eeejoanriu\/wp-content\/uploads\/usu1550\/2026\/03\/RUTINA-DEL-BON-DIA-7-2-300x297.jpg 300w, https:\/\/agora.xtec.cat\/esc-eeejoanriu\/wp-content\/uploads\/usu1550\/2026\/03\/RUTINA-DEL-BON-DIA-7-2-150x150.jpg 150w\" sizes=\"auto, (max-width: 339px) 100vw, 339px\" \/><\/figure>\n\n\n\n<figure class=\"wp-block-image size-full is-resized\"><img loading=\"lazy\" decoding=\"async\" width=\"448\" height=\"336\" src=\"https:\/\/agora.xtec.cat\/esc-eeejoanriu\/wp-content\/uploads\/usu1550\/2026\/03\/RUTINA-DEL-BON-DIA-15.jpg\" alt=\"\" class=\"wp-image-20335\" style=\"width:414px;height:auto\" srcset=\"https:\/\/agora.xtec.cat\/esc-eeejoanriu\/wp-content\/uploads\/usu1550\/2026\/03\/RUTINA-DEL-BON-DIA-15.jpg 448w, https:\/\/agora.xtec.cat\/esc-eeejoanriu\/wp-content\/uploads\/usu1550\/2026\/03\/RUTINA-DEL-BON-DIA-15-300x225.jpg 300w, https:\/\/agora.xtec.cat\/esc-eeejoanriu\/wp-content\/uploads\/usu1550\/2026\/03\/RUTINA-DEL-BON-DIA-15-200x150.jpg 200w\" sizes=\"auto, (max-width: 448px) 100vw, 448px\" \/><\/figure>\n<\/div>\n\n\n\n\n\n<p><strong>3.Qui ha vingut avui?<\/strong><\/p>\n\n\n\n<p>En el panell que tenim a l\u2019aula diferenciem CASA i ESCOLA d\u2019aquesta manera quan es fa la salutaci\u00f3 individual podem saber quin company\/a ha vingut a l\u2019escola. Amb les fotografies o tauleta comunicativa identifiquem els companys\/es presents.<\/p>\n\n\n\n<div class=\"wp-block-group is-nowrap is-layout-flex wp-container-core-group-is-layout-6 wp-block-group-is-layout-flex\">\n<figure class=\"wp-block-image size-full is-resized\"><img loading=\"lazy\" decoding=\"async\" width=\"336\" height=\"448\" src=\"https:\/\/agora.xtec.cat\/esc-eeejoanriu\/wp-content\/uploads\/usu1550\/2026\/03\/RUTINA-DEL-BON-DIA-12-rotated-e1774526234600.jpg\" alt=\"\" class=\"wp-image-20331\" style=\"width:275px;height:auto\" srcset=\"https:\/\/agora.xtec.cat\/esc-eeejoanriu\/wp-content\/uploads\/usu1550\/2026\/03\/RUTINA-DEL-BON-DIA-12-rotated-e1774526234600.jpg 336w, https:\/\/agora.xtec.cat\/esc-eeejoanriu\/wp-content\/uploads\/usu1550\/2026\/03\/RUTINA-DEL-BON-DIA-12-rotated-e1774526234600-225x300.jpg 225w\" sizes=\"auto, (max-width: 336px) 100vw, 336px\" \/><\/figure>\n\n\n\n<p><\/p>\n<\/div>\n\n\n\n<p><strong>4.Quin dia \u00e9s? Quin temps fa?<\/strong><br>Amb suports visuals introdu\u00efm nocions b\u00e0siques del pas del temps i de l\u2019entorn.<\/p>\n\n\n\n<div class=\"wp-block-group is-nowrap is-layout-flex wp-container-core-group-is-layout-8 wp-block-group-is-layout-flex\">\n<figure class=\"wp-block-image size-full is-resized\"><img loading=\"lazy\" decoding=\"async\" width=\"336\" height=\"448\" src=\"https:\/\/agora.xtec.cat\/esc-eeejoanriu\/wp-content\/uploads\/usu1550\/2026\/03\/RUTINA-DEL-BON-DIA-13-rotated-e1774526296249.jpg\" alt=\"\" class=\"wp-image-20328\" style=\"width:269px;height:auto\" srcset=\"https:\/\/agora.xtec.cat\/esc-eeejoanriu\/wp-content\/uploads\/usu1550\/2026\/03\/RUTINA-DEL-BON-DIA-13-rotated-e1774526296249.jpg 336w, https:\/\/agora.xtec.cat\/esc-eeejoanriu\/wp-content\/uploads\/usu1550\/2026\/03\/RUTINA-DEL-BON-DIA-13-rotated-e1774526296249-225x300.jpg 225w\" sizes=\"auto, (max-width: 336px) 100vw, 336px\" \/><\/figure>\n\n\n\n<div class=\"wp-block-group is-nowrap is-layout-flex wp-container-core-group-is-layout-7 wp-block-group-is-layout-flex\">\n<figure class=\"wp-block-image size-full is-resized\"><img loading=\"lazy\" decoding=\"async\" width=\"336\" height=\"448\" src=\"https:\/\/agora.xtec.cat\/esc-eeejoanriu\/wp-content\/uploads\/usu1550\/2026\/03\/RUTINA-DEL-BON-DIA-3-1-rotated-e1774526325262.jpg\" alt=\"\" class=\"wp-image-20334\" style=\"width:269px;height:auto\" srcset=\"https:\/\/agora.xtec.cat\/esc-eeejoanriu\/wp-content\/uploads\/usu1550\/2026\/03\/RUTINA-DEL-BON-DIA-3-1-rotated-e1774526325262.jpg 336w, https:\/\/agora.xtec.cat\/esc-eeejoanriu\/wp-content\/uploads\/usu1550\/2026\/03\/RUTINA-DEL-BON-DIA-3-1-rotated-e1774526325262-225x300.jpg 225w\" sizes=\"auto, (max-width: 336px) 100vw, 336px\" \/><\/figure>\n<\/div>\n<\/div>\n\n\n\n<p><strong>5. Anticipaci\u00f3 del dia<\/strong><br>Mostrem els objectes o elements que representen les activitats principals del dia. Aix\u00f2 ajuda a estructurar mentalment el dia i a reduir possibles angoixes.<\/p>\n\n\n\n<div class=\"wp-block-group is-nowrap is-layout-flex wp-container-core-group-is-layout-9 wp-block-group-is-layout-flex\">\n<figure class=\"wp-block-image size-full is-resized\"><img loading=\"lazy\" decoding=\"async\" width=\"300\" height=\"419\" src=\"https:\/\/agora.xtec.cat\/esc-eeejoanriu\/wp-content\/uploads\/usu1550\/2026\/03\/RUTINA-DEL-BON-DIA-10-rotated-e1774526361261.jpg\" alt=\"\" class=\"wp-image-20329\" style=\"width:316px;height:auto\" srcset=\"https:\/\/agora.xtec.cat\/esc-eeejoanriu\/wp-content\/uploads\/usu1550\/2026\/03\/RUTINA-DEL-BON-DIA-10-rotated-e1774526361261.jpg 300w, https:\/\/agora.xtec.cat\/esc-eeejoanriu\/wp-content\/uploads\/usu1550\/2026\/03\/RUTINA-DEL-BON-DIA-10-rotated-e1774526361261-215x300.jpg 215w\" sizes=\"auto, (max-width: 300px) 100vw, 300px\" \/><\/figure>\n<\/div>\n\n\n\n<p><strong>Perqu\u00e8&nbsp; creiem que el \u201cBon dia\u201d \u00e9s M\u00c9S QUE UNA RUTINA?&nbsp; <\/strong><strong><\/strong><\/p>\n\n\n\n<p>La rutina del \u201cBon dia\u201d no \u00e9s nom\u00e9s una activitat. \u00e9s un espai on diem sense paraules:<\/p>\n\n\n\n<p><strong>\u201cEts important\u201d&nbsp;&nbsp; &#8230;&#8230;..&nbsp;&nbsp;&nbsp; \u201cEt Veiem\u201d&nbsp;&nbsp; &#8230;&#8230;&#8230;&nbsp;&nbsp; \u201cEns alegra que siguis aqu\u00ed\u201d<\/strong><\/p>\n\n\n\n<p>Alhora \u00e9s un<strong> espai multisensorial&nbsp; <\/strong>ja que integra<strong>&nbsp; <\/strong>diferents canals sensorials:<\/p>\n\n\n\n<ul class=\"wp-block-list\">\n<li><strong>Auditiu<\/strong>: can\u00e7ons, veu, m\u00fasica suau.<\/li>\n\n\n\n<li><strong>Visual<\/strong>: fotografies i pictogrames<\/li>\n\n\n\n<li><strong>T\u00e0ctil<\/strong>: tocar-nos les mans o abra\u00e7ar-nos<\/li>\n\n\n\n<li><strong>Vestibular i propioreceptiu<\/strong>: petits moviments, canvis posturals adaptats.<\/li>\n<\/ul>\n\n\n\n<p>Aquesta combinaci\u00f3 facilita la connexi\u00f3 amb l\u2019entorn i potencia la participaci\u00f3 de cada alumne segons les seves capacitats.<\/p>\n\n\n\n<p><\/p>\n\n\n\n<p><\/p>\n\n\n\n<p><\/p>\n\n\n\n<p><\/p>\n","protected":false},"excerpt":{"rendered":"<p>A l\u2019aula de Puputs comencem cada dia amb un SOMRIURE. La rutina del \u201cBon Dia\u201d \u00e9s un dels moments m\u00e9s importants del dia.\u00a0 \u00c9s un moment on oferim seguretat, anticipaci\u00f3, comunicaci\u00f3 i vincle, on cada detall de la rutina est\u00e0 pensat amb una intencionalitat educativa.<\/p>\n","protected":false},"author":16,"featured_media":20408,"comment_status":"open","ping_status":"open","sticky":false,"template":"","format":"standard","meta":{"_bbp_topic_count":0,"_bbp_reply_count":0,"_bbp_total_topic_count":0,"_bbp_total_reply_count":0,"_bbp_voice_count":0,"_bbp_anonymous_reply_count":0,"_bbp_topic_count_hidden":0,"_bbp_reply_count_hidden":0,"_bbp_forum_subforum_count":0,"site-sidebar-layout":"default","site-content-layout":"","ast-site-content-layout":"","site-content-style":"default","site-sidebar-style":"default","ast-global-header-display":"","ast-banner-title-visibility":"","ast-main-header-display":"","ast-hfb-above-header-display":"","ast-hfb-below-header-display":"","ast-hfb-mobile-header-display":"","site-post-title":"","ast-breadcrumbs-content":"","ast-featured-img":"","footer-sml-layout":"","theme-transparent-header-meta":"","adv-header-id-meta":"","stick-header-meta":"","header-above-stick-meta":"","header-main-stick-meta":"","header-below-stick-meta":"","astra-migrate-meta-layouts":"default","ast-page-background-enabled":"default","ast-page-background-meta":{"desktop":{"background-color":"var(--ast-global-color-4)","background-image":"","background-repeat":"repeat","background-position":"center center","background-size":"auto","background-attachment":"scroll","background-type":"","background-media":"","overlay-type":"","overlay-color":"","overlay-opacity":"","overlay-gradient":""},"tablet":{"background-color":"","background-image":"","background-repeat":"repeat","background-position":"center center","background-size":"auto","background-attachment":"scroll","background-type":"","background-media":"","overlay-type":"","overlay-color":"","overlay-opacity":"","overlay-gradient":""},"mobile":{"background-color":"","background-image":"","background-repeat":"repeat","background-position":"center center","background-size":"auto","background-attachment":"scroll","background-type":"","background-media":"","overlay-type":"","overlay-color":"","overlay-opacity":"","overlay-gradient":""}},"ast-content-background-meta":{"desktop":{"background-color":"var(--ast-global-color-5)","background-image":"","background-repeat":"repeat","background-position":"center center","background-size":"auto","background-attachment":"scroll","background-type":"","background-media":"","overlay-type":"","overlay-color":"","overlay-opacity":"","overlay-gradient":""},"tablet":{"background-color":"var(--ast-global-color-5)","background-image":"","background-repeat":"repeat","background-position":"center center","background-size":"auto","background-attachment":"scroll","background-type":"","background-media":"","overlay-type":"","overlay-color":"","overlay-opacity":"","overlay-gradient":""},"mobile":{"background-color":"var(--ast-global-color-5)","background-image":"","background-repeat":"repeat","background-position":"center center","background-size":"auto","background-attachment":"scroll","background-type":"","background-media":"","overlay-type":"","overlay-color":"","overlay-opacity":"","overlay-gradient":""}},"footnotes":""},"categories":[4,801],"tags":[59,298],"class_list":["post-20062","post","type-post","status-publish","format-standard","has-post-thumbnail","hentry","category-portada","category-puputs-secundaria-3-2025-2026","tag-comunicacio","tag-gaudir"],"post_mailing_queue_ids":[],"_links":{"self":[{"href":"https:\/\/agora.xtec.cat\/esc-eeejoanriu\/wp-json\/wp\/v2\/posts\/20062","targetHints":{"allow":["GET"]}}],"collection":[{"href":"https:\/\/agora.xtec.cat\/esc-eeejoanriu\/wp-json\/wp\/v2\/posts"}],"about":[{"href":"https:\/\/agora.xtec.cat\/esc-eeejoanriu\/wp-json\/wp\/v2\/types\/post"}],"author":[{"embeddable":true,"href":"https:\/\/agora.xtec.cat\/esc-eeejoanriu\/wp-json\/wp\/v2\/users\/16"}],"replies":[{"embeddable":true,"href":"https:\/\/agora.xtec.cat\/esc-eeejoanriu\/wp-json\/wp\/v2\/comments?post=20062"}],"version-history":[{"count":6,"href":"https:\/\/agora.xtec.cat\/esc-eeejoanriu\/wp-json\/wp\/v2\/posts\/20062\/revisions"}],"predecessor-version":[{"id":20419,"href":"https:\/\/agora.xtec.cat\/esc-eeejoanriu\/wp-json\/wp\/v2\/posts\/20062\/revisions\/20419"}],"wp:featuredmedia":[{"embeddable":true,"href":"https:\/\/agora.xtec.cat\/esc-eeejoanriu\/wp-json\/wp\/v2\/media\/20408"}],"wp:attachment":[{"href":"https:\/\/agora.xtec.cat\/esc-eeejoanriu\/wp-json\/wp\/v2\/media?parent=20062"}],"wp:term":[{"taxonomy":"category","embeddable":true,"href":"https:\/\/agora.xtec.cat\/esc-eeejoanriu\/wp-json\/wp\/v2\/categories?post=20062"},{"taxonomy":"post_tag","embeddable":true,"href":"https:\/\/agora.xtec.cat\/esc-eeejoanriu\/wp-json\/wp\/v2\/tags?post=20062"}],"curies":[{"name":"wp","href":"https:\/\/api.w.org\/{rel}","templated":true}]}}