{"id":1899,"date":"2022-11-25T14:50:09","date_gmt":"2022-11-25T13:50:09","guid":{"rendered":"https:\/\/agora.xtec.cat\/esc-educacioespecial-aremi\/?p=1899"},"modified":"2022-11-25T15:43:45","modified_gmt":"2022-11-25T14:43:45","slug":"amb-les-narracions-aprenem-lleguatge","status":"publish","type":"post","link":"https:\/\/agora.xtec.cat\/esc-educacioespecial-aremi\/general\/amb-les-narracions-aprenem-lleguatge\/","title":{"rendered":"Amb les narracions aprenem llenguatge"},"content":{"rendered":"<p><strong>Un gegant lleig i dolent<\/strong> \u00e9s el protagonista del conte. Es tracta d\u2019un gegant que fa por a la gent i uns nens li esborren la cara (pas a pas) i en acabar, ja no fa por a ning\u00fa.\u00a0 Les narracions s\u00f3n una font d\u2019aprenentatge del llenguatge. S\u00f3n tres les alumnes, usu\u00e0ries de CAA que participen d\u2019aquesta activitat narrativa en grup. A m\u00e9s d\u2019aprendre amb CAA, cada una d\u2019elles es beneficia del model expressiu d\u2019\u00fas dels sistemes de CAA de les companyes. Llegir m\u00e9s.<\/p>\n<p>Les narracions s\u00f3n una font inigualable d\u2019aprenentatge del llenguatge. Quant\u00a0 a la vessant comprensiva,\u00a0 pel que a fa als significats (sem\u00e0ntica)\u00a0 i a la informaci\u00f3 sint\u00e0ctica impl\u00edcita i al coneixement que aporten del m\u00f3n. A m\u00e9s,\u00a0 pel que fa a la vessant expressiva, permeten la reconstrucci\u00f3 de la narraci\u00f3 i\u00a0 l\u2019estructuraci\u00f3 (seq\u00fc\u00e8ncia d\u2019acci\u00f3). \u00c9s a dir, faciliten la participaci\u00f3 de l\u2019alumnat, amb les seves modalitats expressives per a omplir de significat el l\u00e8xic que s\u2019est\u00e0 aprenent.<\/p>\n\n\t\t<style type=\"text\/css\">\n\t\t\t#gallery-1 {\n\t\t\t\tmargin: auto;\n\t\t\t}\n\t\t\t#gallery-1 .gallery-item {\n\t\t\t\tfloat: left;\n\t\t\t\tmargin-top: 10px;\n\t\t\t\ttext-align: center;\n\t\t\t\twidth: 33%;\n\t\t\t}\n\t\t\t#gallery-1 img {\n\t\t\t\tborder: 2px solid #cfcfcf;\n\t\t\t}\n\t\t\t#gallery-1 .gallery-caption {\n\t\t\t\tmargin-left: 0;\n\t\t\t}\n\t\t\t\/* see gallery_shortcode() in wp-includes\/media.php *\/\n\t\t<\/style>\n\t\t<div id='gallery-1' class='gallery galleryid-1899 gallery-columns-3 gallery-size-medium'><dl class='gallery-item'>\n\t\t\t<dt class='gallery-icon portrait'>\n\t\t\t\t<a href='https:\/\/agora.xtec.cat\/esc-educacioespecial-aremi\/general\/amb-les-narracions-aprenem-lleguatge\/attachment\/dav-25\/'><img loading=\"lazy\" decoding=\"async\" width=\"225\" height=\"300\" src=\"https:\/\/agora.xtec.cat\/esc-educacioespecial-aremi\/wp-content\/uploads\/usu2149\/2022\/11\/conte-del-gegant-Bruna-225x300.jpg\" class=\"attachment-medium size-medium\" alt=\"\" srcset=\"https:\/\/agora.xtec.cat\/esc-educacioespecial-aremi\/wp-content\/uploads\/usu2149\/2022\/11\/conte-del-gegant-Bruna-225x300.jpg 225w, https:\/\/agora.xtec.cat\/esc-educacioespecial-aremi\/wp-content\/uploads\/usu2149\/2022\/11\/conte-del-gegant-Bruna.jpg 312w\" sizes=\"auto, (max-width: 225px) 100vw, 225px\" \/><\/a>\n\t\t\t<\/dt><\/dl><dl class='gallery-item'>\n\t\t\t<dt class='gallery-icon portrait'>\n\t\t\t\t<a href='https:\/\/agora.xtec.cat\/esc-educacioespecial-aremi\/general\/amb-les-narracions-aprenem-lleguatge\/attachment\/sdr-4\/'><img loading=\"lazy\" decoding=\"async\" width=\"225\" height=\"300\" src=\"https:\/\/agora.xtec.cat\/esc-educacioespecial-aremi\/wp-content\/uploads\/usu2149\/2022\/11\/conte-del-gegant-Susan-225x300.jpg\" class=\"attachment-medium size-medium\" alt=\"\" srcset=\"https:\/\/agora.xtec.cat\/esc-educacioespecial-aremi\/wp-content\/uploads\/usu2149\/2022\/11\/conte-del-gegant-Susan-225x300.jpg 225w, https:\/\/agora.xtec.cat\/esc-educacioespecial-aremi\/wp-content\/uploads\/usu2149\/2022\/11\/conte-del-gegant-Susan.jpg 312w\" sizes=\"auto, (max-width: 225px) 100vw, 225px\" \/><\/a>\n\t\t\t<\/dt><\/dl><dl class='gallery-item'>\n\t\t\t<dt class='gallery-icon portrait'>\n\t\t\t\t<a href='https:\/\/agora.xtec.cat\/esc-educacioespecial-aremi\/general\/amb-les-narracions-aprenem-lleguatge\/attachment\/dav-23\/'><img loading=\"lazy\" decoding=\"async\" width=\"225\" height=\"300\" src=\"https:\/\/agora.xtec.cat\/esc-educacioespecial-aremi\/wp-content\/uploads\/usu2149\/2022\/11\/conte-del-gegant-Amal-1-225x300.jpg\" class=\"attachment-medium size-medium\" alt=\"\" srcset=\"https:\/\/agora.xtec.cat\/esc-educacioespecial-aremi\/wp-content\/uploads\/usu2149\/2022\/11\/conte-del-gegant-Amal-1-225x300.jpg 225w, https:\/\/agora.xtec.cat\/esc-educacioespecial-aremi\/wp-content\/uploads\/usu2149\/2022\/11\/conte-del-gegant-Amal-1.jpg 312w\" sizes=\"auto, (max-width: 225px) 100vw, 225px\" \/><\/a>\n\t\t\t<\/dt><\/dl><br style=\"clear: both\" \/><dl class='gallery-item'>\n\t\t\t<dt class='gallery-icon landscape'>\n\t\t\t\t<a href='https:\/\/agora.xtec.cat\/esc-educacioespecial-aremi\/general\/amb-les-narracions-aprenem-lleguatge\/attachment\/pagina-del-conte-1\/'><img loading=\"lazy\" decoding=\"async\" width=\"300\" height=\"225\" src=\"https:\/\/agora.xtec.cat\/esc-educacioespecial-aremi\/wp-content\/uploads\/usu2149\/2022\/11\/pagina-del-conte-1-300x225.jpg\" class=\"attachment-medium size-medium\" alt=\"\" srcset=\"https:\/\/agora.xtec.cat\/esc-educacioespecial-aremi\/wp-content\/uploads\/usu2149\/2022\/11\/pagina-del-conte-1-300x225.jpg 300w, https:\/\/agora.xtec.cat\/esc-educacioespecial-aremi\/wp-content\/uploads\/usu2149\/2022\/11\/pagina-del-conte-1-200x150.jpg 200w, https:\/\/agora.xtec.cat\/esc-educacioespecial-aremi\/wp-content\/uploads\/usu2149\/2022\/11\/pagina-del-conte-1.jpg 416w\" sizes=\"auto, (max-width: 300px) 100vw, 300px\" \/><\/a>\n\t\t\t<\/dt><\/dl>\n\t\t\t<br style='clear: both' \/>\n\t\t<\/div>\n\n","protected":false},"excerpt":{"rendered":"<p>Un gegant lleig i dolent \u00e9s el protagonista del conte. Es tracta d\u2019un gegant que fa por a la gent i uns nens li esborren la cara (pas a pas) i en acabar, ja no fa por a ning\u00fa.\u00a0 Les narracions s\u00f3n una font d\u2019aprenentatge&hellip;  <a href=\"https:\/\/agora.xtec.cat\/esc-educacioespecial-aremi\/general\/amb-les-narracions-aprenem-lleguatge\/\" title=\"Read Amb les narracions aprenem llenguatge\">Llegeix m\u00e9s\u00bb<\/a><\/p>\n","protected":false},"author":1,"featured_media":1904,"comment_status":"open","ping_status":"closed","sticky":false,"template":"","format":"standard","meta":{"_bbp_topic_count":0,"_bbp_reply_count":0,"_bbp_total_topic_count":0,"_bbp_total_reply_count":0,"_bbp_voice_count":0,"_bbp_anonymous_reply_count":0,"_bbp_topic_count_hidden":0,"_bbp_reply_count_hidden":0,"_bbp_forum_subforum_count":0,"footnotes":""},"categories":[1],"tags":[],"class_list":["post-1899","post","type-post","status-publish","format-standard","has-post-thumbnail","hentry","category-general"],"post_mailing_queue_ids":[],"_links":{"self":[{"href":"https:\/\/agora.xtec.cat\/esc-educacioespecial-aremi\/wp-json\/wp\/v2\/posts\/1899","targetHints":{"allow":["GET"]}}],"collection":[{"href":"https:\/\/agora.xtec.cat\/esc-educacioespecial-aremi\/wp-json\/wp\/v2\/posts"}],"about":[{"href":"https:\/\/agora.xtec.cat\/esc-educacioespecial-aremi\/wp-json\/wp\/v2\/types\/post"}],"author":[{"embeddable":true,"href":"https:\/\/agora.xtec.cat\/esc-educacioespecial-aremi\/wp-json\/wp\/v2\/users\/1"}],"replies":[{"embeddable":true,"href":"https:\/\/agora.xtec.cat\/esc-educacioespecial-aremi\/wp-json\/wp\/v2\/comments?post=1899"}],"version-history":[{"count":3,"href":"https:\/\/agora.xtec.cat\/esc-educacioespecial-aremi\/wp-json\/wp\/v2\/posts\/1899\/revisions"}],"predecessor-version":[{"id":1909,"href":"https:\/\/agora.xtec.cat\/esc-educacioespecial-aremi\/wp-json\/wp\/v2\/posts\/1899\/revisions\/1909"}],"wp:featuredmedia":[{"embeddable":true,"href":"https:\/\/agora.xtec.cat\/esc-educacioespecial-aremi\/wp-json\/wp\/v2\/media\/1904"}],"wp:attachment":[{"href":"https:\/\/agora.xtec.cat\/esc-educacioespecial-aremi\/wp-json\/wp\/v2\/media?parent=1899"}],"wp:term":[{"taxonomy":"category","embeddable":true,"href":"https:\/\/agora.xtec.cat\/esc-educacioespecial-aremi\/wp-json\/wp\/v2\/categories?post=1899"},{"taxonomy":"post_tag","embeddable":true,"href":"https:\/\/agora.xtec.cat\/esc-educacioespecial-aremi\/wp-json\/wp\/v2\/tags?post=1899"}],"curies":[{"name":"wp","href":"https:\/\/api.w.org\/{rel}","templated":true}]}}