{"id":1327,"date":"2021-05-07T12:32:47","date_gmt":"2021-05-07T10:32:47","guid":{"rendered":"https:\/\/agora.xtec.cat\/esc-educacioespecial-aremi\/?p=1327"},"modified":"2021-05-07T17:50:30","modified_gmt":"2021-05-07T15:50:30","slug":"ma-a-ma-fem-una-historia","status":"publish","type":"post","link":"https:\/\/agora.xtec.cat\/esc-educacioespecial-aremi\/general\/ma-a-ma-fem-una-historia\/","title":{"rendered":"M\u00e0 a m\u00e0 fem una hist\u00f2ria"},"content":{"rendered":"<p>En el marc del Projecte de lectura, a l\u2019aula 2 treballem la\u00a0 hist\u00f2ria: El Cirerer.<\/p>\n<p>Entre tots i totes fem que el relat sigui molt interessant i engrescador. Cadasc\u00fa de nosaltres te un rol en aquesta hist\u00f2ria. Ens presentem: La qui fa la lectura del llibre, la qui presenta els diferents elements i materials relacionats amb la narraci\u00f3, i\u00a0 els qui, mentre aix\u00f3 passa, fan els <a href=\"https:\/\/drive.google.com\/file\/d\/1v8BWqMBsGovmyZOoy9AayZrlsLdm22kx\/view?usp=sharing\">efectes especials<\/a> \u2013els dies de la semana, la salutaci\u00f3 a la lluna, el cant del mussol, i la canc\u00f3 de cloenda-<\/p>\n\n\t\t<style type=\"text\/css\">\n\t\t\t#gallery-1 {\n\t\t\t\tmargin: auto;\n\t\t\t}\n\t\t\t#gallery-1 .gallery-item {\n\t\t\t\tfloat: left;\n\t\t\t\tmargin-top: 10px;\n\t\t\t\ttext-align: center;\n\t\t\t\twidth: 50%;\n\t\t\t}\n\t\t\t#gallery-1 img {\n\t\t\t\tborder: 2px solid #cfcfcf;\n\t\t\t}\n\t\t\t#gallery-1 .gallery-caption {\n\t\t\t\tmargin-left: 0;\n\t\t\t}\n\t\t\t\/* see gallery_shortcode() in wp-includes\/media.php *\/\n\t\t<\/style>\n\t\t<div id='gallery-1' class='gallery galleryid-1327 gallery-columns-2 gallery-size-large'><dl class='gallery-item'>\n\t\t\t<dt class='gallery-icon landscape'>\n\t\t\t\t<a href='https:\/\/agora.xtec.cat\/esc-educacioespecial-aremi\/general\/ma-a-ma-fem-una-historia\/attachment\/20210503_100313_opt\/'><img loading=\"lazy\" decoding=\"async\" width=\"400\" height=\"300\" src=\"https:\/\/agora.xtec.cat\/esc-educacioespecial-aremi\/wp-content\/uploads\/usu2149\/2021\/05\/20210503_100313_opt.jpg\" class=\"attachment-large size-large\" alt=\"\" srcset=\"https:\/\/agora.xtec.cat\/esc-educacioespecial-aremi\/wp-content\/uploads\/usu2149\/2021\/05\/20210503_100313_opt.jpg 400w, https:\/\/agora.xtec.cat\/esc-educacioespecial-aremi\/wp-content\/uploads\/usu2149\/2021\/05\/20210503_100313_opt-300x225.jpg 300w, https:\/\/agora.xtec.cat\/esc-educacioespecial-aremi\/wp-content\/uploads\/usu2149\/2021\/05\/20210503_100313_opt-200x150.jpg 200w\" sizes=\"auto, (max-width: 400px) 100vw, 400px\" \/><\/a>\n\t\t\t<\/dt><\/dl><dl class='gallery-item'>\n\t\t\t<dt class='gallery-icon portrait'>\n\t\t\t\t<a href='https:\/\/agora.xtec.cat\/esc-educacioespecial-aremi\/general\/ma-a-ma-fem-una-historia\/attachment\/20210427_095834_opt\/'><img loading=\"lazy\" decoding=\"async\" width=\"400\" height=\"533\" src=\"https:\/\/agora.xtec.cat\/esc-educacioespecial-aremi\/wp-content\/uploads\/usu2149\/2021\/05\/20210427_095834_opt.jpg\" class=\"attachment-large size-large\" alt=\"\" srcset=\"https:\/\/agora.xtec.cat\/esc-educacioespecial-aremi\/wp-content\/uploads\/usu2149\/2021\/05\/20210427_095834_opt.jpg 400w, https:\/\/agora.xtec.cat\/esc-educacioespecial-aremi\/wp-content\/uploads\/usu2149\/2021\/05\/20210427_095834_opt-225x300.jpg 225w\" sizes=\"auto, (max-width: 400px) 100vw, 400px\" \/><\/a>\n\t\t\t<\/dt><\/dl><br style=\"clear: both\" \/><dl class='gallery-item'>\n\t\t\t<dt class='gallery-icon landscape'>\n\t\t\t\t<a href='https:\/\/agora.xtec.cat\/esc-educacioespecial-aremi\/general\/ma-a-ma-fem-una-historia\/attachment\/20210503_095828_opt\/'><img loading=\"lazy\" decoding=\"async\" width=\"400\" height=\"300\" src=\"https:\/\/agora.xtec.cat\/esc-educacioespecial-aremi\/wp-content\/uploads\/usu2149\/2021\/05\/20210503_095828_opt.jpg\" class=\"attachment-large size-large\" alt=\"\" srcset=\"https:\/\/agora.xtec.cat\/esc-educacioespecial-aremi\/wp-content\/uploads\/usu2149\/2021\/05\/20210503_095828_opt.jpg 400w, https:\/\/agora.xtec.cat\/esc-educacioespecial-aremi\/wp-content\/uploads\/usu2149\/2021\/05\/20210503_095828_opt-300x225.jpg 300w, https:\/\/agora.xtec.cat\/esc-educacioespecial-aremi\/wp-content\/uploads\/usu2149\/2021\/05\/20210503_095828_opt-200x150.jpg 200w\" sizes=\"auto, (max-width: 400px) 100vw, 400px\" \/><\/a>\n\t\t\t<\/dt><\/dl><dl class='gallery-item'>\n\t\t\t<dt class='gallery-icon landscape'>\n\t\t\t\t<a href='https:\/\/agora.xtec.cat\/esc-educacioespecial-aremi\/general\/ma-a-ma-fem-una-historia\/attachment\/20210503_095428_opt\/'><img loading=\"lazy\" decoding=\"async\" width=\"400\" height=\"300\" src=\"https:\/\/agora.xtec.cat\/esc-educacioespecial-aremi\/wp-content\/uploads\/usu2149\/2021\/05\/20210503_095428_opt.jpg\" class=\"attachment-large size-large\" alt=\"\" srcset=\"https:\/\/agora.xtec.cat\/esc-educacioespecial-aremi\/wp-content\/uploads\/usu2149\/2021\/05\/20210503_095428_opt.jpg 400w, https:\/\/agora.xtec.cat\/esc-educacioespecial-aremi\/wp-content\/uploads\/usu2149\/2021\/05\/20210503_095428_opt-300x225.jpg 300w, https:\/\/agora.xtec.cat\/esc-educacioespecial-aremi\/wp-content\/uploads\/usu2149\/2021\/05\/20210503_095428_opt-200x150.jpg 200w\" sizes=\"auto, (max-width: 400px) 100vw, 400px\" \/><\/a>\n\t\t\t<\/dt><\/dl><br style=\"clear: both\" \/>\n\t\t<\/div>\n\n<p><a href=\"https:\/\/drive.google.com\/file\/d\/1v8BWqMBsGovmyZOoy9AayZrlsLdm22kx\/view?usp=sharing\"><img loading=\"lazy\" decoding=\"async\" class=\"size-full wp-image-1340 aligncenter\" src=\"https:\/\/agora.xtec.cat\/esc-educacioespecial-aremi\/wp-content\/uploads\/usu2149\/2021\/05\/video.png\" alt=\"\" width=\"547\" height=\"311\" srcset=\"https:\/\/agora.xtec.cat\/esc-educacioespecial-aremi\/wp-content\/uploads\/usu2149\/2021\/05\/video.png 547w, https:\/\/agora.xtec.cat\/esc-educacioespecial-aremi\/wp-content\/uploads\/usu2149\/2021\/05\/video-300x171.png 300w\" sizes=\"auto, (max-width: 547px) 100vw, 547px\" \/><\/a><\/p>\n","protected":false},"excerpt":{"rendered":"<p>En el marc del Projecte de lectura, a l\u2019aula 2 treballem la\u00a0 hist\u00f2ria: El Cirerer.Entre tots i totes fem que el relat sigui molt interessant i engrescador. Cadasc\u00fa de nosaltres te un rol en aquesta hist\u00f2ria.&hellip;  <a href=\"https:\/\/agora.xtec.cat\/esc-educacioespecial-aremi\/general\/ma-a-ma-fem-una-historia\/\" title=\"Read M\u00e0 a m\u00e0 fem una hist\u00f2ria\">Llegeix m\u00e9s\u00bb<\/a><\/p>\n","protected":false},"author":1,"featured_media":1334,"comment_status":"open","ping_status":"closed","sticky":false,"template":"","format":"standard","meta":{"_bbp_topic_count":0,"_bbp_reply_count":0,"_bbp_total_topic_count":0,"_bbp_total_reply_count":0,"_bbp_voice_count":0,"_bbp_anonymous_reply_count":0,"_bbp_topic_count_hidden":0,"_bbp_reply_count_hidden":0,"_bbp_forum_subforum_count":0,"footnotes":""},"categories":[61,1],"tags":[],"class_list":["post-1327","post","type-post","status-publish","format-standard","has-post-thumbnail","hentry","category-a2","category-general"],"post_mailing_queue_ids":[],"_links":{"self":[{"href":"https:\/\/agora.xtec.cat\/esc-educacioespecial-aremi\/wp-json\/wp\/v2\/posts\/1327","targetHints":{"allow":["GET"]}}],"collection":[{"href":"https:\/\/agora.xtec.cat\/esc-educacioespecial-aremi\/wp-json\/wp\/v2\/posts"}],"about":[{"href":"https:\/\/agora.xtec.cat\/esc-educacioespecial-aremi\/wp-json\/wp\/v2\/types\/post"}],"author":[{"embeddable":true,"href":"https:\/\/agora.xtec.cat\/esc-educacioespecial-aremi\/wp-json\/wp\/v2\/users\/1"}],"replies":[{"embeddable":true,"href":"https:\/\/agora.xtec.cat\/esc-educacioespecial-aremi\/wp-json\/wp\/v2\/comments?post=1327"}],"version-history":[{"count":3,"href":"https:\/\/agora.xtec.cat\/esc-educacioespecial-aremi\/wp-json\/wp\/v2\/posts\/1327\/revisions"}],"predecessor-version":[{"id":1341,"href":"https:\/\/agora.xtec.cat\/esc-educacioespecial-aremi\/wp-json\/wp\/v2\/posts\/1327\/revisions\/1341"}],"wp:featuredmedia":[{"embeddable":true,"href":"https:\/\/agora.xtec.cat\/esc-educacioespecial-aremi\/wp-json\/wp\/v2\/media\/1334"}],"wp:attachment":[{"href":"https:\/\/agora.xtec.cat\/esc-educacioespecial-aremi\/wp-json\/wp\/v2\/media?parent=1327"}],"wp:term":[{"taxonomy":"category","embeddable":true,"href":"https:\/\/agora.xtec.cat\/esc-educacioespecial-aremi\/wp-json\/wp\/v2\/categories?post=1327"},{"taxonomy":"post_tag","embeddable":true,"href":"https:\/\/agora.xtec.cat\/esc-educacioespecial-aremi\/wp-json\/wp\/v2\/tags?post=1327"}],"curies":[{"name":"wp","href":"https:\/\/api.w.org\/{rel}","templated":true}]}}