{"id":1097,"date":"2020-12-01T13:39:02","date_gmt":"2020-12-01T12:39:02","guid":{"rendered":"https:\/\/agora.xtec.cat\/esc-educacioespecial-aremi\/?p=1097"},"modified":"2020-12-03T10:21:31","modified_gmt":"2020-12-03T09:21:31","slug":"com-cada-any-el-desembre-ens-acosta-el-nadal","status":"publish","type":"post","link":"https:\/\/agora.xtec.cat\/esc-educacioespecial-aremi\/general\/com-cada-any-el-desembre-ens-acosta-el-nadal\/","title":{"rendered":"Com cada any el desembre ens acosta el Nadal&#8230;"},"content":{"rendered":"<p>Ja som al mes de desembre, i com cada any en aquestes dates,\u00a0 a l\u2019aula dels mitjans comencem a preparar la decoraci\u00f3 nadalenca.<\/p>\n<p>Experimentem amb\u00a0 diferents materials i textures:\u00a0 Amb paper blau i blanc estem fent un mural, pintem pinyes, fem pompons de llana i de roba\u00a0 de diferents\u00a0 colors, i\u00a0 posem purpurina i picarols a les plomes.<\/p>\n<p>Amb fusta, pintura i gomets, hem comen\u00e7at a fer tamb\u00e9 el detall de Nadal, per a les fam\u00edlies.<\/p>\n<p>La nostra aula est\u00e0 quedant molt bonica! \u00a0Les fam\u00edlies, per\u00f2, encara hauran d\u2019esperar uns dies, per a rebre la seva felicitaci\u00f3.<\/p>\n\n\t\t<style type=\"text\/css\">\n\t\t\t#gallery-1 {\n\t\t\t\tmargin: auto;\n\t\t\t}\n\t\t\t#gallery-1 .gallery-item {\n\t\t\t\tfloat: left;\n\t\t\t\tmargin-top: 10px;\n\t\t\t\ttext-align: center;\n\t\t\t\twidth: 33%;\n\t\t\t}\n\t\t\t#gallery-1 img {\n\t\t\t\tborder: 2px solid #cfcfcf;\n\t\t\t}\n\t\t\t#gallery-1 .gallery-caption {\n\t\t\t\tmargin-left: 0;\n\t\t\t}\n\t\t\t\/* see gallery_shortcode() in wp-includes\/media.php *\/\n\t\t<\/style>\n\t\t<div id='gallery-1' class='gallery galleryid-1097 gallery-columns-3 gallery-size-medium'><dl class='gallery-item'>\n\t\t\t<dt class='gallery-icon landscape'>\n\t\t\t\t<a href='https:\/\/agora.xtec.cat\/esc-educacioespecial-aremi\/general\/com-cada-any-el-desembre-ens-acosta-el-nadal\/attachment\/dav-12\/'><img loading=\"lazy\" decoding=\"async\" width=\"300\" height=\"225\" src=\"https:\/\/agora.xtec.cat\/esc-educacioespecial-aremi\/wp-content\/uploads\/usu2149\/2020\/12\/IMG_20201125_102046_opt-300x225.jpg\" class=\"attachment-medium size-medium\" alt=\"\" srcset=\"https:\/\/agora.xtec.cat\/esc-educacioespecial-aremi\/wp-content\/uploads\/usu2149\/2020\/12\/IMG_20201125_102046_opt-300x225.jpg 300w, https:\/\/agora.xtec.cat\/esc-educacioespecial-aremi\/wp-content\/uploads\/usu2149\/2020\/12\/IMG_20201125_102046_opt-200x150.jpg 200w, https:\/\/agora.xtec.cat\/esc-educacioespecial-aremi\/wp-content\/uploads\/usu2149\/2020\/12\/IMG_20201125_102046_opt.jpg 400w\" sizes=\"auto, (max-width: 300px) 100vw, 300px\" \/><\/a>\n\t\t\t<\/dt><\/dl><dl class='gallery-item'>\n\t\t\t<dt class='gallery-icon landscape'>\n\t\t\t\t<a href='https:\/\/agora.xtec.cat\/esc-educacioespecial-aremi\/general\/com-cada-any-el-desembre-ens-acosta-el-nadal\/attachment\/dav-13\/'><img loading=\"lazy\" decoding=\"async\" width=\"300\" height=\"225\" src=\"https:\/\/agora.xtec.cat\/esc-educacioespecial-aremi\/wp-content\/uploads\/usu2149\/2020\/12\/IMG_20201130_100423_opt-300x225.jpg\" class=\"attachment-medium size-medium\" alt=\"\" srcset=\"https:\/\/agora.xtec.cat\/esc-educacioespecial-aremi\/wp-content\/uploads\/usu2149\/2020\/12\/IMG_20201130_100423_opt-300x225.jpg 300w, https:\/\/agora.xtec.cat\/esc-educacioespecial-aremi\/wp-content\/uploads\/usu2149\/2020\/12\/IMG_20201130_100423_opt-200x150.jpg 200w, https:\/\/agora.xtec.cat\/esc-educacioespecial-aremi\/wp-content\/uploads\/usu2149\/2020\/12\/IMG_20201130_100423_opt.jpg 400w\" sizes=\"auto, (max-width: 300px) 100vw, 300px\" \/><\/a>\n\t\t\t<\/dt><\/dl><dl class='gallery-item'>\n\t\t\t<dt class='gallery-icon landscape'>\n\t\t\t\t<a href='https:\/\/agora.xtec.cat\/esc-educacioespecial-aremi\/general\/com-cada-any-el-desembre-ens-acosta-el-nadal\/attachment\/dav-15\/'><img loading=\"lazy\" decoding=\"async\" width=\"300\" height=\"225\" src=\"https:\/\/agora.xtec.cat\/esc-educacioespecial-aremi\/wp-content\/uploads\/usu2149\/2020\/12\/IMG_20201130_105116_opt-300x225.jpg\" class=\"attachment-medium size-medium\" alt=\"\" srcset=\"https:\/\/agora.xtec.cat\/esc-educacioespecial-aremi\/wp-content\/uploads\/usu2149\/2020\/12\/IMG_20201130_105116_opt-300x225.jpg 300w, https:\/\/agora.xtec.cat\/esc-educacioespecial-aremi\/wp-content\/uploads\/usu2149\/2020\/12\/IMG_20201130_105116_opt-200x150.jpg 200w, https:\/\/agora.xtec.cat\/esc-educacioespecial-aremi\/wp-content\/uploads\/usu2149\/2020\/12\/IMG_20201130_105116_opt.jpg 400w\" sizes=\"auto, (max-width: 300px) 100vw, 300px\" \/><\/a>\n\t\t\t<\/dt><\/dl><br style=\"clear: both\" \/><dl class='gallery-item'>\n\t\t\t<dt class='gallery-icon portrait'>\n\t\t\t\t<a href='https:\/\/agora.xtec.cat\/esc-educacioespecial-aremi\/general\/com-cada-any-el-desembre-ens-acosta-el-nadal\/attachment\/dav-14\/'><img loading=\"lazy\" decoding=\"async\" width=\"225\" height=\"300\" src=\"https:\/\/agora.xtec.cat\/esc-educacioespecial-aremi\/wp-content\/uploads\/usu2149\/2020\/12\/IMG_20201130_100947_1_opt-225x300.jpg\" class=\"attachment-medium size-medium\" alt=\"\" srcset=\"https:\/\/agora.xtec.cat\/esc-educacioespecial-aremi\/wp-content\/uploads\/usu2149\/2020\/12\/IMG_20201130_100947_1_opt-225x300.jpg 225w, https:\/\/agora.xtec.cat\/esc-educacioespecial-aremi\/wp-content\/uploads\/usu2149\/2020\/12\/IMG_20201130_100947_1_opt.jpg 400w\" sizes=\"auto, (max-width: 225px) 100vw, 225px\" \/><\/a>\n\t\t\t<\/dt><\/dl><dl class='gallery-item'>\n\t\t\t<dt class='gallery-icon portrait'>\n\t\t\t\t<a href='https:\/\/agora.xtec.cat\/esc-educacioespecial-aremi\/general\/com-cada-any-el-desembre-ens-acosta-el-nadal\/attachment\/dav-16\/'><img loading=\"lazy\" decoding=\"async\" width=\"225\" height=\"300\" src=\"https:\/\/agora.xtec.cat\/esc-educacioespecial-aremi\/wp-content\/uploads\/usu2149\/2020\/12\/IMG_20201130_153801_opt-225x300.jpg\" class=\"attachment-medium size-medium\" alt=\"\" srcset=\"https:\/\/agora.xtec.cat\/esc-educacioespecial-aremi\/wp-content\/uploads\/usu2149\/2020\/12\/IMG_20201130_153801_opt-225x300.jpg 225w, https:\/\/agora.xtec.cat\/esc-educacioespecial-aremi\/wp-content\/uploads\/usu2149\/2020\/12\/IMG_20201130_153801_opt.jpg 400w\" sizes=\"auto, (max-width: 225px) 100vw, 225px\" \/><\/a>\n\t\t\t<\/dt><\/dl>\n\t\t\t<br style='clear: both' \/>\n\t\t<\/div>\n\n","protected":false},"excerpt":{"rendered":"<p>Ja som al mes de desembre, i com cada any en aquestes dates,\u00a0 a l\u2019aula dels mitjans comencem a preparar la decoraci\u00f3 nadalenca.<br \/>\nExperimentem amb\u00a0 diferents materials i textures:\u00a0 Amb paper blau i blanc estem fent un mural, pintem pinyes, fem pompons de llana i de&hellip;  <a href=\"https:\/\/agora.xtec.cat\/esc-educacioespecial-aremi\/general\/com-cada-any-el-desembre-ens-acosta-el-nadal\/\" title=\"Read Com cada any el desembre ens acosta el Nadal&#8230;\">Llegeix m\u00e9s\u00bb<\/a><\/p>\n","protected":false},"author":1,"featured_media":1103,"comment_status":"open","ping_status":"closed","sticky":false,"template":"","format":"standard","meta":{"_bbp_topic_count":0,"_bbp_reply_count":0,"_bbp_total_topic_count":0,"_bbp_total_reply_count":0,"_bbp_voice_count":0,"_bbp_anonymous_reply_count":0,"_bbp_topic_count_hidden":0,"_bbp_reply_count_hidden":0,"_bbp_forum_subforum_count":0,"footnotes":""},"categories":[61,1],"tags":[],"class_list":["post-1097","post","type-post","status-publish","format-standard","has-post-thumbnail","hentry","category-a2","category-general"],"post_mailing_queue_ids":[],"_links":{"self":[{"href":"https:\/\/agora.xtec.cat\/esc-educacioespecial-aremi\/wp-json\/wp\/v2\/posts\/1097","targetHints":{"allow":["GET"]}}],"collection":[{"href":"https:\/\/agora.xtec.cat\/esc-educacioespecial-aremi\/wp-json\/wp\/v2\/posts"}],"about":[{"href":"https:\/\/agora.xtec.cat\/esc-educacioespecial-aremi\/wp-json\/wp\/v2\/types\/post"}],"author":[{"embeddable":true,"href":"https:\/\/agora.xtec.cat\/esc-educacioespecial-aremi\/wp-json\/wp\/v2\/users\/1"}],"replies":[{"embeddable":true,"href":"https:\/\/agora.xtec.cat\/esc-educacioespecial-aremi\/wp-json\/wp\/v2\/comments?post=1097"}],"version-history":[{"count":2,"href":"https:\/\/agora.xtec.cat\/esc-educacioespecial-aremi\/wp-json\/wp\/v2\/posts\/1097\/revisions"}],"predecessor-version":[{"id":1107,"href":"https:\/\/agora.xtec.cat\/esc-educacioespecial-aremi\/wp-json\/wp\/v2\/posts\/1097\/revisions\/1107"}],"wp:featuredmedia":[{"embeddable":true,"href":"https:\/\/agora.xtec.cat\/esc-educacioespecial-aremi\/wp-json\/wp\/v2\/media\/1103"}],"wp:attachment":[{"href":"https:\/\/agora.xtec.cat\/esc-educacioespecial-aremi\/wp-json\/wp\/v2\/media?parent=1097"}],"wp:term":[{"taxonomy":"category","embeddable":true,"href":"https:\/\/agora.xtec.cat\/esc-educacioespecial-aremi\/wp-json\/wp\/v2\/categories?post=1097"},{"taxonomy":"post_tag","embeddable":true,"href":"https:\/\/agora.xtec.cat\/esc-educacioespecial-aremi\/wp-json\/wp\/v2\/tags?post=1097"}],"curies":[{"name":"wp","href":"https:\/\/api.w.org\/{rel}","templated":true}]}}