{"id":8594,"date":"2018-03-11T22:39:24","date_gmt":"2018-03-11T21:39:24","guid":{"rendered":"http:\/\/agora.xtec.cat\/esc-dolorsmarti\/?p=8594"},"modified":"2018-03-14T22:56:37","modified_gmt":"2018-03-14T21:56:37","slug":"per-la-ruta-dels-castells-de-la-segarra","status":"publish","type":"post","link":"https:\/\/agora.xtec.cat\/esc-dolorsmarti\/infantil\/i4\/per-la-ruta-dels-castells-de-la-segarra\/","title":{"rendered":"PER LA RUTA DELS CASTELLS DE LA SEGARRA"},"content":{"rendered":"<p style=\"text-align: justify;\">A les acaballes de l&#8217;hivern, en un divendres de primavera anticipada, els RUFUS i les PETRES de l&#8217;escola DM\u00a0 vam viure una jornada plena d&#8217;aventures; vam anar\u00a0d&#8217;excursi\u00f3 cap a\u00a0terres\u00a0 de la\u00a0 Segarra,\u00a0vestigi d&#8217;un passat llegendari de castells i de lluites aferrissades per defensar el territori&#8230;<\/p>\n<p style=\"text-align: justify;\">Fent via cap a Les Pallargues vam divisar els castells de l&#8217;Arany\u00f3 i de Montcort\u00e8s, preludi d&#8217;una jornada intensa\u00a0que ens retornava al passat i\u00a0al patrimoni bastit\u00a0pedra sobre pedra. La visita al castell de Les Pallargues\u00a0no ens va deixar indiferents, vam tenir el plaer de con\u00e8ixer tots els indrets del majestu\u00f3s castell-palau, tot ell farcit d&#8217;hist\u00f2ria a cada pas, visitant tots els indrets, des dels serveis a les sales nobles: cuines, bodegues, cavallerisses i estances, planta noble amb la gran sala, capella i cambres, tamb\u00e9 la part alta de la torre,amb l&#8217; escala de cargol que duia la fosca i sinistra garjola i les presons&#8230;Compt\u00e0vem amb dos guies experimentats: la pr\u00f2pia mestressa del castell, la Sra. Teresa, i un altre guia molt peculiar, el Sr. Armand, tot ell ben armat d&#8217;experi\u00e8ncia, de saviesa i de paci\u00e8ncia.<\/p>\n<p style=\"text-align: justify;\">El temps fugisser va passar volant i despr\u00e9s\u00a0 de gaireb\u00e9 una hora i mitja transportats\u00a0 mil anys enrere, vam tornar a l&#8217;autocar per prosseguir la ruta, aquest cop cap al poblet de Florejacs, tot ell costerut i d&#8217;ess\u00e8ncia medieval;\u00a0 vam\u00a0rec\u00f3rrer la muralla coronada de merlets i ens vam plantar a la pla\u00e7a d&#8217;armes, tot fent corredisses pels carrerons empedrats que han vist passar\u00a0 tota mena de proeses i de mis\u00e8ries i han bastit la nostra hist\u00f2ria col.lectiva. Cansats i amb la gana feta, vam acabar la jornada a Guissona, dinant en bona companyonia i gaudint de tantes aventures viscudes. Deia el Sr. Armand: -&#8220;<em>Catalunya vol dir terra de castells&#8221;<\/em>&#8211; heus ac\u00ed d&#8217;on venim i on aviat potser tornarem ben\u00a0 acompanyats de\u00a0les nostres fam\u00edlies!<\/p>\n<p><a href=\"https:\/\/photos.app.goo.gl\/yIWY51C9WW5ZDLpL2\"><img loading=\"lazy\" decoding=\"async\" class=\"aligncenter\" src=\"https:\/\/lh3.googleusercontent.com\/ig-S3HybPXYt-0gSch5KxNofDQjXrV_3MNvuz_dIFnSVNcVCqEU9yKAklnuFa8PFb5k1kJmn5hGeca6fc9fpGuixUcEtpM2dZGfYjMHfKbMtWg50DtEQ-FpFLHYr3P16zhiHgfYD5sKXwyvGoMZD7Atejf0_L8KknjrF0tmMYEbhMz9SC7wsayrHEYrQU4LT2IZZH8-kL79kn9eIh60E3Bdwg-BvpXN-IZ65BMwNK9QGl4Ap9vavAucloxqYA8NVQPjpfqs36QP92unBEGSghmXN_4uG4u3UT07ZPfgmizP5ovU-DdCe489rlU8dmyMeIRI6D8DUBaufFfyeRN7CAmpXLfOzwxLbTXLeIOdA6CPwhyG7YIHRyquK23nsvQrFI14SphVNq-6SAE3lG-EwSOf3XRiZRtUTAu1XT_anNnrmtVnICJJKQpDp1gwbd8pw3A-TcpkCrwI78X9RB6wwfdvx4FgvpyRxE6AC4bJqTe_BAqTJJhjD7WmeoVjTVFbOdpuqJrfGKsj_vImuJJ7r9b7n0_dHJaOfCUHwR_l_SoJ2DFm7VQP044_ATibWLyW7RGLxlRviXqbZrl5iEvRyLD2QCiaKt0V7h-AI3RCcFoKqON5w_rGKNsyF4B2DP6zDBxFoFKHCW6Qo59alfkKZeucRmScv4J05gA=w1632-h1224-no\" width=\"450\" height=\"337\" \/><\/a><\/p>\n","protected":false},"excerpt":{"rendered":"<p>A les acaballes de l&#8217;hivern, en un divendres de primavera anticipada, els RUFUS i les PETRES de l&#8217;escola DM\u00a0 vam viure una jornada plena d&#8217;aventures; vam anar\u00a0d&#8217;excursi\u00f3 cap a\u00a0terres\u00a0 de la\u00a0 Segarra,\u00a0vestigi d&#8217;un passat llegendari de castells i de lluites aferrissades per defensar el territori&#8230; Fent via cap a Les Pallargues vam divisar els castells [&hellip;]<\/p>\n","protected":false},"author":10,"featured_media":0,"comment_status":"open","ping_status":"closed","sticky":false,"template":"","format":"standard","meta":{"_bbp_topic_count":0,"_bbp_reply_count":0,"_bbp_total_topic_count":0,"_bbp_total_reply_count":0,"_bbp_voice_count":0,"_bbp_anonymous_reply_count":0,"_bbp_topic_count_hidden":0,"_bbp_reply_count_hidden":0,"_bbp_forum_subforum_count":0,"site-sidebar-layout":"default","site-content-layout":"","ast-site-content-layout":"","site-content-style":"default","site-sidebar-style":"default","ast-global-header-display":"","ast-banner-title-visibility":"","ast-main-header-display":"","ast-hfb-above-header-display":"","ast-hfb-below-header-display":"","ast-hfb-mobile-header-display":"","site-post-title":"","ast-breadcrumbs-content":"","ast-featured-img":"","footer-sml-layout":"","theme-transparent-header-meta":"","adv-header-id-meta":"","stick-header-meta":"","header-above-stick-meta":"","header-main-stick-meta":"","header-below-stick-meta":"","astra-migrate-meta-layouts":"default","ast-page-background-enabled":"default","ast-page-background-meta":{"desktop":{"background-color":"var(--ast-global-color-4)","background-image":"","background-repeat":"repeat","background-position":"center center","background-size":"auto","background-attachment":"scroll","background-type":"","background-media":"","overlay-type":"","overlay-color":"","overlay-opacity":"","overlay-gradient":""},"tablet":{"background-color":"","background-image":"","background-repeat":"repeat","background-position":"center center","background-size":"auto","background-attachment":"scroll","background-type":"","background-media":"","overlay-type":"","overlay-color":"","overlay-opacity":"","overlay-gradient":""},"mobile":{"background-color":"","background-image":"","background-repeat":"repeat","background-position":"center center","background-size":"auto","background-attachment":"scroll","background-type":"","background-media":"","overlay-type":"","overlay-color":"","overlay-opacity":"","overlay-gradient":""}},"ast-content-background-meta":{"desktop":{"background-color":"var(--ast-global-color-5)","background-image":"","background-repeat":"repeat","background-position":"center center","background-size":"auto","background-attachment":"scroll","background-type":"","background-media":"","overlay-type":"","overlay-color":"","overlay-opacity":"","overlay-gradient":""},"tablet":{"background-color":"var(--ast-global-color-5)","background-image":"","background-repeat":"repeat","background-position":"center center","background-size":"auto","background-attachment":"scroll","background-type":"","background-media":"","overlay-type":"","overlay-color":"","overlay-opacity":"","overlay-gradient":""},"mobile":{"background-color":"var(--ast-global-color-5)","background-image":"","background-repeat":"repeat","background-position":"center center","background-size":"auto","background-attachment":"scroll","background-type":"","background-media":"","overlay-type":"","overlay-color":"","overlay-opacity":"","overlay-gradient":""}},"footnotes":""},"categories":[8],"tags":[],"class_list":["post-8594","post","type-post","status-publish","format-standard","hentry","category-i4"],"post_mailing_queue_ids":[],"_links":{"self":[{"href":"https:\/\/agora.xtec.cat\/esc-dolorsmarti\/wp-json\/wp\/v2\/posts\/8594","targetHints":{"allow":["GET"]}}],"collection":[{"href":"https:\/\/agora.xtec.cat\/esc-dolorsmarti\/wp-json\/wp\/v2\/posts"}],"about":[{"href":"https:\/\/agora.xtec.cat\/esc-dolorsmarti\/wp-json\/wp\/v2\/types\/post"}],"author":[{"embeddable":true,"href":"https:\/\/agora.xtec.cat\/esc-dolorsmarti\/wp-json\/wp\/v2\/users\/10"}],"replies":[{"embeddable":true,"href":"https:\/\/agora.xtec.cat\/esc-dolorsmarti\/wp-json\/wp\/v2\/comments?post=8594"}],"version-history":[{"count":3,"href":"https:\/\/agora.xtec.cat\/esc-dolorsmarti\/wp-json\/wp\/v2\/posts\/8594\/revisions"}],"predecessor-version":[{"id":8598,"href":"https:\/\/agora.xtec.cat\/esc-dolorsmarti\/wp-json\/wp\/v2\/posts\/8594\/revisions\/8598"}],"wp:attachment":[{"href":"https:\/\/agora.xtec.cat\/esc-dolorsmarti\/wp-json\/wp\/v2\/media?parent=8594"}],"wp:term":[{"taxonomy":"category","embeddable":true,"href":"https:\/\/agora.xtec.cat\/esc-dolorsmarti\/wp-json\/wp\/v2\/categories?post=8594"},{"taxonomy":"post_tag","embeddable":true,"href":"https:\/\/agora.xtec.cat\/esc-dolorsmarti\/wp-json\/wp\/v2\/tags?post=8594"}],"curies":[{"name":"wp","href":"https:\/\/api.w.org\/{rel}","templated":true}]}}