{"id":7983,"date":"2018-02-05T09:15:05","date_gmt":"2018-02-05T08:15:05","guid":{"rendered":"http:\/\/agora.xtec.cat\/esc-dolorsmarti\/?p=7983"},"modified":"2018-02-26T20:53:07","modified_gmt":"2018-02-26T19:53:07","slug":"festa-de-la-pau-a-lescola","status":"publish","type":"post","link":"https:\/\/agora.xtec.cat\/esc-dolorsmarti\/festes-de-lescola\/festa-de-la-pau-a-lescola\/","title":{"rendered":"FESTA DE LA PAU A L&#8217;ESCOLA"},"content":{"rendered":"<p style=\"text-align: justify;\">El passat divendres, per donar cloenda a la intensa setmana del monogr\u00e0fic, vam celebrar la festa de la Pau. Mestres, alumnes i fam\u00edlies, units a la pati de prim\u00e0ria, vam representar un dels s\u00edmbols de la Pau.<\/p>\n<p style=\"text-align: justify;\">Per iniciar l&#8217;acte, dotze alumnes de l&#8217;escola van llegir, en el seu idioma matern, una mateixa frase d&#8217;en\u00a0<span class=\"st\">Le\u00f3n Tolst\u00f3i: <\/span>&#8220;NOM\u00c9S SI ENS PERDONEM ACONSEGUIREM LA PAU&#8221;, aquest emotiu moment va donar pas a que plegats cant\u00e9ssim i mim\u00e9ssim el poema musicat dels de 6\u00e8.<\/p>\n<p style=\"text-align: justify;\">Tot seguit i com a colof\u00f3 final vam anar a les aules a preparar un berenar especial per l&#8217;ocasi\u00f3: crispetes, fruita, sucs, fruits secs, entrepans&#8230; junts vam compartir una jornada que mai oblidarem.<\/p>\n<p style=\"text-align: justify;\"><a href=\"https:\/\/photos.app.goo.gl\/0azEXNHfAudE8EVE3\"><img loading=\"lazy\" decoding=\"async\" class=\"aligncenter size-large\" src=\"https:\/\/lh3.googleusercontent.com\/GRu0kebCMh2m3IoN-IaNQxUOPic0H7eHrMpK_DUne5ZGxTrTH4obobsafoFFA0vtkQpRlIZ26-E6rhg3VaFgGvz1VR4bAh0VttCynOAJY1kNXu6k8QUtX0Ao4wuyfmdR0Y66t3c1n-qkJvv79Zg58-dxt2CzN84Hwg1auWb-A6p-29UqMXxZcZW5ZtSFuiG3TlvcDuE7y5UxuI6GefyBl9pE23hFw_z53Wu_LsHWecIh-mQB93IVaOTMwzIO94isgS_ASlgMT1DXV3Q_38wbrKofz_Sbir8i7RDadSDig0sGxL4yAbukA-svDRYT9HtgSCoMyY2YR3B3wqWSKuly9qXraeF6fkc87tu3L92mpUpR49xuxAgUjP6Q0mV_cNz8m6JgsddLLUuaHflBvLxlH3gs2WABVzwGMn1qhz7N_TPtdOidxG28O4BEnckCjFQRfkA_Yl1hOt9ZJro4U9VMZ8kulJVYV5FBS-GEtSH9vPS7gigOjgU7_M3k_7R8diLJN-oWDcgvWg27oJa-51VH5B-NSq2R6N_54uuCCU_c0iyfxYKDz7pyNQg-YeLHWaFvRWkjmPGYuTr9itHxXOc2Udx34z2m3na48_uQs6tgtGbLkqYWIe8QMicj448ih-9c7qyHzbjLkTZL849dMJSnqjVPmKFr4pR8cw=s915-no\" width=\"915\" height=\"915\" \/><\/a><\/p>\n","protected":false},"excerpt":{"rendered":"<p>El passat divendres, per donar cloenda a la intensa setmana del monogr\u00e0fic, vam celebrar la festa de la Pau. Mestres, alumnes i fam\u00edlies, units a la pati de prim\u00e0ria, vam representar un dels s\u00edmbols de la Pau. Per iniciar l&#8217;acte, dotze alumnes de l&#8217;escola van llegir, en el seu idioma matern, una mateixa frase d&#8217;en\u00a0Le\u00f3n [&hellip;]<\/p>\n","protected":false},"author":1,"featured_media":0,"comment_status":"open","ping_status":"closed","sticky":false,"template":"","format":"standard","meta":{"_bbp_topic_count":0,"_bbp_reply_count":0,"_bbp_total_topic_count":0,"_bbp_total_reply_count":0,"_bbp_voice_count":0,"_bbp_anonymous_reply_count":0,"_bbp_topic_count_hidden":0,"_bbp_reply_count_hidden":0,"_bbp_forum_subforum_count":0,"site-sidebar-layout":"default","site-content-layout":"","ast-site-content-layout":"","site-content-style":"default","site-sidebar-style":"default","ast-global-header-display":"","ast-banner-title-visibility":"","ast-main-header-display":"","ast-hfb-above-header-display":"","ast-hfb-below-header-display":"","ast-hfb-mobile-header-display":"","site-post-title":"","ast-breadcrumbs-content":"","ast-featured-img":"","footer-sml-layout":"","theme-transparent-header-meta":"","adv-header-id-meta":"","stick-header-meta":"","header-above-stick-meta":"","header-main-stick-meta":"","header-below-stick-meta":"","astra-migrate-meta-layouts":"default","ast-page-background-enabled":"default","ast-page-background-meta":{"desktop":{"background-color":"var(--ast-global-color-4)","background-image":"","background-repeat":"repeat","background-position":"center center","background-size":"auto","background-attachment":"scroll","background-type":"","background-media":"","overlay-type":"","overlay-color":"","overlay-opacity":"","overlay-gradient":""},"tablet":{"background-color":"","background-image":"","background-repeat":"repeat","background-position":"center center","background-size":"auto","background-attachment":"scroll","background-type":"","background-media":"","overlay-type":"","overlay-color":"","overlay-opacity":"","overlay-gradient":""},"mobile":{"background-color":"","background-image":"","background-repeat":"repeat","background-position":"center center","background-size":"auto","background-attachment":"scroll","background-type":"","background-media":"","overlay-type":"","overlay-color":"","overlay-opacity":"","overlay-gradient":""}},"ast-content-background-meta":{"desktop":{"background-color":"var(--ast-global-color-5)","background-image":"","background-repeat":"repeat","background-position":"center center","background-size":"auto","background-attachment":"scroll","background-type":"","background-media":"","overlay-type":"","overlay-color":"","overlay-opacity":"","overlay-gradient":""},"tablet":{"background-color":"var(--ast-global-color-5)","background-image":"","background-repeat":"repeat","background-position":"center center","background-size":"auto","background-attachment":"scroll","background-type":"","background-media":"","overlay-type":"","overlay-color":"","overlay-opacity":"","overlay-gradient":""},"mobile":{"background-color":"var(--ast-global-color-5)","background-image":"","background-repeat":"repeat","background-position":"center center","background-size":"auto","background-attachment":"scroll","background-type":"","background-media":"","overlay-type":"","overlay-color":"","overlay-opacity":"","overlay-gradient":""}},"footnotes":""},"categories":[25],"tags":[],"class_list":["post-7983","post","type-post","status-publish","format-standard","hentry","category-festes-de-lescola"],"post_mailing_queue_ids":[],"_links":{"self":[{"href":"https:\/\/agora.xtec.cat\/esc-dolorsmarti\/wp-json\/wp\/v2\/posts\/7983","targetHints":{"allow":["GET"]}}],"collection":[{"href":"https:\/\/agora.xtec.cat\/esc-dolorsmarti\/wp-json\/wp\/v2\/posts"}],"about":[{"href":"https:\/\/agora.xtec.cat\/esc-dolorsmarti\/wp-json\/wp\/v2\/types\/post"}],"author":[{"embeddable":true,"href":"https:\/\/agora.xtec.cat\/esc-dolorsmarti\/wp-json\/wp\/v2\/users\/1"}],"replies":[{"embeddable":true,"href":"https:\/\/agora.xtec.cat\/esc-dolorsmarti\/wp-json\/wp\/v2\/comments?post=7983"}],"version-history":[{"count":1,"href":"https:\/\/agora.xtec.cat\/esc-dolorsmarti\/wp-json\/wp\/v2\/posts\/7983\/revisions"}],"predecessor-version":[{"id":7989,"href":"https:\/\/agora.xtec.cat\/esc-dolorsmarti\/wp-json\/wp\/v2\/posts\/7983\/revisions\/7989"}],"wp:attachment":[{"href":"https:\/\/agora.xtec.cat\/esc-dolorsmarti\/wp-json\/wp\/v2\/media?parent=7983"}],"wp:term":[{"taxonomy":"category","embeddable":true,"href":"https:\/\/agora.xtec.cat\/esc-dolorsmarti\/wp-json\/wp\/v2\/categories?post=7983"},{"taxonomy":"post_tag","embeddable":true,"href":"https:\/\/agora.xtec.cat\/esc-dolorsmarti\/wp-json\/wp\/v2\/tags?post=7983"}],"curies":[{"name":"wp","href":"https:\/\/api.w.org\/{rel}","templated":true}]}}