{"id":16016,"date":"2022-04-27T16:08:10","date_gmt":"2022-04-27T14:08:10","guid":{"rendered":"https:\/\/agora.xtec.cat\/esc-dolorsmarti\/?p=16016"},"modified":"2022-05-20T09:21:19","modified_gmt":"2022-05-20T07:21:19","slug":"4t-visita-la-fundacio-miro","status":"publish","type":"post","link":"https:\/\/agora.xtec.cat\/esc-dolorsmarti\/primaria\/3r\/general\/4t-visita-la-fundacio-miro\/","title":{"rendered":"4T VISITA LA FUNDACI\u00d3 MIR\u00d3"},"content":{"rendered":"<p style=\"text-align: justify;\">Els nens i les nenes de<strong> 4t <\/strong>hem treballat la vida i l&#8217;obra del fam\u00f3s pintor<strong> Joan Mir\u00f3<\/strong> a les sessions d&#8217;<strong>Arts &amp; Crafts<\/strong>. Avui, hem tingut l&#8217;oportunitat de con\u00e8ixer de ben a prop la col\u00b7lecci\u00f3 d&#8217;aquest artista internacional a la Fundaci\u00f3 Mir\u00f3 de Barcelona. Hem passat un molt bon dia tot aprenent i compartint bons moments amb els companys i les mestres, quina gran experi\u00e8ncia!<\/p>\n<p><img loading=\"lazy\" decoding=\"async\" class=\" wp-image-16020 alignleft\" src=\"https:\/\/agora.xtec.cat\/esc-dolorsmarti\/wp-content\/uploads\/usu930\/2022\/04\/IMG-20220427-WA0008.jpg\" alt=\"\" width=\"1070\" height=\"596\" srcset=\"https:\/\/agora.xtec.cat\/esc-dolorsmarti\/wp-content\/uploads\/usu930\/2022\/04\/IMG-20220427-WA0008.jpg 1600w, https:\/\/agora.xtec.cat\/esc-dolorsmarti\/wp-content\/uploads\/usu930\/2022\/04\/IMG-20220427-WA0008-300x167.jpg 300w, https:\/\/agora.xtec.cat\/esc-dolorsmarti\/wp-content\/uploads\/usu930\/2022\/04\/IMG-20220427-WA0008-1024x570.jpg 1024w, https:\/\/agora.xtec.cat\/esc-dolorsmarti\/wp-content\/uploads\/usu930\/2022\/04\/IMG-20220427-WA0008-768x428.jpg 768w, https:\/\/agora.xtec.cat\/esc-dolorsmarti\/wp-content\/uploads\/usu930\/2022\/04\/IMG-20220427-WA0008-1536x855.jpg 1536w\" sizes=\"auto, (max-width: 1070px) 100vw, 1070px\" \/><\/p>\n","protected":false},"excerpt":{"rendered":"<p>Els nens i les nenes de 4t hem treballat la vida i l&#8217;obra del fam\u00f3s pintor Joan Mir\u00f3 a les sessions d&#8217;Arts &amp; Crafts. Avui, hem tingut l&#8217;oportunitat de con\u00e8ixer de ben a prop la col\u00b7lecci\u00f3 d&#8217;aquest artista internacional a la Fundaci\u00f3 Mir\u00f3 de Barcelona. Hem passat un molt bon dia tot aprenent i compartint [&hellip;]<\/p>\n","protected":false},"author":1,"featured_media":0,"comment_status":"open","ping_status":"closed","sticky":false,"template":"","format":"standard","meta":{"_bbp_topic_count":0,"_bbp_reply_count":0,"_bbp_total_topic_count":0,"_bbp_total_reply_count":0,"_bbp_voice_count":0,"_bbp_anonymous_reply_count":0,"_bbp_topic_count_hidden":0,"_bbp_reply_count_hidden":0,"_bbp_forum_subforum_count":0,"site-sidebar-layout":"default","site-content-layout":"","ast-site-content-layout":"","site-content-style":"default","site-sidebar-style":"default","ast-global-header-display":"","ast-banner-title-visibility":"","ast-main-header-display":"","ast-hfb-above-header-display":"","ast-hfb-below-header-display":"","ast-hfb-mobile-header-display":"","site-post-title":"","ast-breadcrumbs-content":"","ast-featured-img":"","footer-sml-layout":"","theme-transparent-header-meta":"","adv-header-id-meta":"","stick-header-meta":"","header-above-stick-meta":"","header-main-stick-meta":"","header-below-stick-meta":"","astra-migrate-meta-layouts":"default","ast-page-background-enabled":"default","ast-page-background-meta":{"desktop":{"background-color":"var(--ast-global-color-4)","background-image":"","background-repeat":"repeat","background-position":"center center","background-size":"auto","background-attachment":"scroll","background-type":"","background-media":"","overlay-type":"","overlay-color":"","overlay-opacity":"","overlay-gradient":""},"tablet":{"background-color":"","background-image":"","background-repeat":"repeat","background-position":"center center","background-size":"auto","background-attachment":"scroll","background-type":"","background-media":"","overlay-type":"","overlay-color":"","overlay-opacity":"","overlay-gradient":""},"mobile":{"background-color":"","background-image":"","background-repeat":"repeat","background-position":"center center","background-size":"auto","background-attachment":"scroll","background-type":"","background-media":"","overlay-type":"","overlay-color":"","overlay-opacity":"","overlay-gradient":""}},"ast-content-background-meta":{"desktop":{"background-color":"var(--ast-global-color-5)","background-image":"","background-repeat":"repeat","background-position":"center center","background-size":"auto","background-attachment":"scroll","background-type":"","background-media":"","overlay-type":"","overlay-color":"","overlay-opacity":"","overlay-gradient":""},"tablet":{"background-color":"var(--ast-global-color-5)","background-image":"","background-repeat":"repeat","background-position":"center center","background-size":"auto","background-attachment":"scroll","background-type":"","background-media":"","overlay-type":"","overlay-color":"","overlay-opacity":"","overlay-gradient":""},"mobile":{"background-color":"var(--ast-global-color-5)","background-image":"","background-repeat":"repeat","background-position":"center center","background-size":"auto","background-attachment":"scroll","background-type":"","background-media":"","overlay-type":"","overlay-color":"","overlay-opacity":"","overlay-gradient":""}},"footnotes":""},"categories":[31,118,193,27,13,4,187,1],"tags":[],"class_list":["post-16016","post","type-post","status-publish","format-standard","hentry","category-activitats-de-lescola","category-arts-and-crafts","category-curs-2021-2022","category-angles","category-4t","category-portada","category-portada-portada","category-general"],"post_mailing_queue_ids":[],"_links":{"self":[{"href":"https:\/\/agora.xtec.cat\/esc-dolorsmarti\/wp-json\/wp\/v2\/posts\/16016","targetHints":{"allow":["GET"]}}],"collection":[{"href":"https:\/\/agora.xtec.cat\/esc-dolorsmarti\/wp-json\/wp\/v2\/posts"}],"about":[{"href":"https:\/\/agora.xtec.cat\/esc-dolorsmarti\/wp-json\/wp\/v2\/types\/post"}],"author":[{"embeddable":true,"href":"https:\/\/agora.xtec.cat\/esc-dolorsmarti\/wp-json\/wp\/v2\/users\/1"}],"replies":[{"embeddable":true,"href":"https:\/\/agora.xtec.cat\/esc-dolorsmarti\/wp-json\/wp\/v2\/comments?post=16016"}],"version-history":[{"count":3,"href":"https:\/\/agora.xtec.cat\/esc-dolorsmarti\/wp-json\/wp\/v2\/posts\/16016\/revisions"}],"predecessor-version":[{"id":16066,"href":"https:\/\/agora.xtec.cat\/esc-dolorsmarti\/wp-json\/wp\/v2\/posts\/16016\/revisions\/16066"}],"wp:attachment":[{"href":"https:\/\/agora.xtec.cat\/esc-dolorsmarti\/wp-json\/wp\/v2\/media?parent=16016"}],"wp:term":[{"taxonomy":"category","embeddable":true,"href":"https:\/\/agora.xtec.cat\/esc-dolorsmarti\/wp-json\/wp\/v2\/categories?post=16016"},{"taxonomy":"post_tag","embeddable":true,"href":"https:\/\/agora.xtec.cat\/esc-dolorsmarti\/wp-json\/wp\/v2\/tags?post=16016"}],"curies":[{"name":"wp","href":"https:\/\/api.w.org\/{rel}","templated":true}]}}