{"id":15521,"date":"2022-01-26T16:39:37","date_gmt":"2022-01-26T15:39:37","guid":{"rendered":"https:\/\/agora.xtec.cat\/esc-dolorsmarti\/?p=15521"},"modified":"2022-01-27T13:26:47","modified_gmt":"2022-01-27T12:26:47","slug":"que-be-ens-ho-passem-a-psico","status":"publish","type":"post","link":"https:\/\/agora.xtec.cat\/esc-dolorsmarti\/primaria\/3r\/general\/que-be-ens-ho-passem-a-psico\/","title":{"rendered":"QU\u00c8 B\u00c9 ENS HO PASSEM A PSICO!"},"content":{"rendered":"<p style=\"text-align: justify;\" align=\"left\"><span style=\"color: #222222;\"><span style=\"font-family: Arial, sans-serif;\"><span style=\"font-size: medium;\"><strong>La psicomotricitat<\/strong> permet i afavoreix el potencial creatiu dels infants tot incrementant la seva autonomia. Aquestes sessions permeten a l<strong>\u2019alumnat d&#8217;Educaci\u00f3 Infantil<\/strong> poder viure el moviment, relacionar-se i pensar, amb la seguretat f\u00edsica i afectiva. A m\u00e9s a m\u00e9s, es fan activitats de coordinaci\u00f3, equilibri, ritme, expressi\u00f3 corporal, jocs\u2026 <strong>Qu\u00e8 b\u00e9 s&#8217;ho passen els m\u00e9s petits de l&#8217;escola a psico! <\/strong><\/span><\/span><\/span><\/p>\n<p style=\"text-align: justify;\"><img loading=\"lazy\" decoding=\"async\" class=\"wp-image-15522\" src=\"https:\/\/agora.xtec.cat\/esc-dolorsmarti\/wp-content\/uploads\/usu930\/2022\/01\/P3-PSICO-scaled.jpg\" alt=\"\" width=\"1061\" height=\"796\" srcset=\"https:\/\/agora.xtec.cat\/esc-dolorsmarti\/wp-content\/uploads\/usu930\/2022\/01\/P3-PSICO-scaled.jpg 2560w, https:\/\/agora.xtec.cat\/esc-dolorsmarti\/wp-content\/uploads\/usu930\/2022\/01\/P3-PSICO-300x225.jpg 300w, https:\/\/agora.xtec.cat\/esc-dolorsmarti\/wp-content\/uploads\/usu930\/2022\/01\/P3-PSICO-1024x768.jpg 1024w, https:\/\/agora.xtec.cat\/esc-dolorsmarti\/wp-content\/uploads\/usu930\/2022\/01\/P3-PSICO-768x576.jpg 768w, https:\/\/agora.xtec.cat\/esc-dolorsmarti\/wp-content\/uploads\/usu930\/2022\/01\/P3-PSICO-1536x1152.jpg 1536w, https:\/\/agora.xtec.cat\/esc-dolorsmarti\/wp-content\/uploads\/usu930\/2022\/01\/P3-PSICO-2048x1536.jpg 2048w, https:\/\/agora.xtec.cat\/esc-dolorsmarti\/wp-content\/uploads\/usu930\/2022\/01\/P3-PSICO-200x150.jpg 200w\" sizes=\"auto, (max-width: 1061px) 100vw, 1061px\" \/><\/p>\n<p>&nbsp;<\/p>\n","protected":false},"excerpt":{"rendered":"<p>La psicomotricitat permet i afavoreix el potencial creatiu dels infants tot incrementant la seva autonomia. Aquestes sessions permeten a l\u2019alumnat d&#8217;Educaci\u00f3 Infantil poder viure el moviment, relacionar-se i pensar, amb la seguretat f\u00edsica i afectiva. A m\u00e9s a m\u00e9s, es fan activitats de coordinaci\u00f3, equilibri, ritme, expressi\u00f3 corporal, jocs\u2026 Qu\u00e8 b\u00e9 s&#8217;ho passen els m\u00e9s [&hellip;]<\/p>\n","protected":false},"author":1,"featured_media":0,"comment_status":"open","ping_status":"closed","sticky":false,"template":"","format":"standard","meta":{"_bbp_topic_count":0,"_bbp_reply_count":0,"_bbp_total_topic_count":0,"_bbp_total_reply_count":0,"_bbp_voice_count":0,"_bbp_anonymous_reply_count":0,"_bbp_topic_count_hidden":0,"_bbp_reply_count_hidden":0,"_bbp_forum_subforum_count":0,"site-sidebar-layout":"default","site-content-layout":"","ast-site-content-layout":"","site-content-style":"default","site-sidebar-style":"default","ast-global-header-display":"","ast-banner-title-visibility":"","ast-main-header-display":"","ast-hfb-above-header-display":"","ast-hfb-below-header-display":"","ast-hfb-mobile-header-display":"","site-post-title":"","ast-breadcrumbs-content":"","ast-featured-img":"","footer-sml-layout":"","theme-transparent-header-meta":"","adv-header-id-meta":"","stick-header-meta":"","header-above-stick-meta":"","header-main-stick-meta":"","header-below-stick-meta":"","astra-migrate-meta-layouts":"default","ast-page-background-enabled":"default","ast-page-background-meta":{"desktop":{"background-color":"var(--ast-global-color-4)","background-image":"","background-repeat":"repeat","background-position":"center center","background-size":"auto","background-attachment":"scroll","background-type":"","background-media":"","overlay-type":"","overlay-color":"","overlay-opacity":"","overlay-gradient":""},"tablet":{"background-color":"","background-image":"","background-repeat":"repeat","background-position":"center center","background-size":"auto","background-attachment":"scroll","background-type":"","background-media":"","overlay-type":"","overlay-color":"","overlay-opacity":"","overlay-gradient":""},"mobile":{"background-color":"","background-image":"","background-repeat":"repeat","background-position":"center center","background-size":"auto","background-attachment":"scroll","background-type":"","background-media":"","overlay-type":"","overlay-color":"","overlay-opacity":"","overlay-gradient":""}},"ast-content-background-meta":{"desktop":{"background-color":"var(--ast-global-color-5)","background-image":"","background-repeat":"repeat","background-position":"center center","background-size":"auto","background-attachment":"scroll","background-type":"","background-media":"","overlay-type":"","overlay-color":"","overlay-opacity":"","overlay-gradient":""},"tablet":{"background-color":"var(--ast-global-color-5)","background-image":"","background-repeat":"repeat","background-position":"center center","background-size":"auto","background-attachment":"scroll","background-type":"","background-media":"","overlay-type":"","overlay-color":"","overlay-opacity":"","overlay-gradient":""},"mobile":{"background-color":"var(--ast-global-color-5)","background-image":"","background-repeat":"repeat","background-position":"center center","background-size":"auto","background-attachment":"scroll","background-type":"","background-media":"","overlay-type":"","overlay-color":"","overlay-opacity":"","overlay-gradient":""}},"footnotes":""},"categories":[31,193,3,8,9,2,4,187,1],"tags":[],"class_list":["post-15521","post","type-post","status-publish","format-standard","hentry","category-activitats-de-lescola","category-curs-2021-2022","category-i3","category-i4","category-i5","category-infantil","category-portada","category-portada-portada","category-general"],"post_mailing_queue_ids":[],"_links":{"self":[{"href":"https:\/\/agora.xtec.cat\/esc-dolorsmarti\/wp-json\/wp\/v2\/posts\/15521","targetHints":{"allow":["GET"]}}],"collection":[{"href":"https:\/\/agora.xtec.cat\/esc-dolorsmarti\/wp-json\/wp\/v2\/posts"}],"about":[{"href":"https:\/\/agora.xtec.cat\/esc-dolorsmarti\/wp-json\/wp\/v2\/types\/post"}],"author":[{"embeddable":true,"href":"https:\/\/agora.xtec.cat\/esc-dolorsmarti\/wp-json\/wp\/v2\/users\/1"}],"replies":[{"embeddable":true,"href":"https:\/\/agora.xtec.cat\/esc-dolorsmarti\/wp-json\/wp\/v2\/comments?post=15521"}],"version-history":[{"count":3,"href":"https:\/\/agora.xtec.cat\/esc-dolorsmarti\/wp-json\/wp\/v2\/posts\/15521\/revisions"}],"predecessor-version":[{"id":15526,"href":"https:\/\/agora.xtec.cat\/esc-dolorsmarti\/wp-json\/wp\/v2\/posts\/15521\/revisions\/15526"}],"wp:attachment":[{"href":"https:\/\/agora.xtec.cat\/esc-dolorsmarti\/wp-json\/wp\/v2\/media?parent=15521"}],"wp:term":[{"taxonomy":"category","embeddable":true,"href":"https:\/\/agora.xtec.cat\/esc-dolorsmarti\/wp-json\/wp\/v2\/categories?post=15521"},{"taxonomy":"post_tag","embeddable":true,"href":"https:\/\/agora.xtec.cat\/esc-dolorsmarti\/wp-json\/wp\/v2\/tags?post=15521"}],"curies":[{"name":"wp","href":"https:\/\/api.w.org\/{rel}","templated":true}]}}