{"id":13315,"date":"2020-02-03T08:00:49","date_gmt":"2020-02-03T07:00:49","guid":{"rendered":"http:\/\/agora.xtec.cat\/esc-dolorsmarti\/?p=13315"},"modified":"2020-02-03T08:01:15","modified_gmt":"2020-02-03T07:01:15","slug":"la-pau-en-el-menjador","status":"publish","type":"post","link":"https:\/\/agora.xtec.cat\/esc-dolorsmarti\/menjador\/la-pau-en-el-menjador\/","title":{"rendered":"LA PAU EN EL MENJADOR"},"content":{"rendered":"<p style=\"text-align: justify;\">En el nostre menjador seguim compartint l&#8217;estona del migdia amb els\/les companys\/es de classe i tamb\u00e9 de tota l&#8217;escola. \u00c9s un moment ric on petits i grans conviuen i on tamb\u00e9 han d&#8217;aprendre a respectar-se. Aix\u00ed que aquests dies aprofitant que mundialment es celebrava el dia de la Pau hem realitzat diferents activitats. Tamb\u00e9 hem seguit treballant amb el projecte &#8220;tu m&#8217;importes&#8221; i tot i que aquests dies sembli primavera&#8230; hem seguit fent propostes de l&#8217;hivern. Tot seguit podreu veure una petita mostra.<a href=\"https:\/\/photos.app.goo.gl\/A9hh5D2vCrP8xY2j7\"><img loading=\"lazy\" decoding=\"async\" class=\"aligncenter size-large\" src=\"https:\/\/lh3.googleusercontent.com\/SFhYRFwru6OCTkBFGig8i5WZlZsnr1exIKIhqOUgpds57mZfF7f8HBJm73nDg4jrJzix837rMxAT1Ft9ehZwo6MypLp_G3qzSvmddzlsqmIuYK0Qw72ZPUMLPfcF12Ecf4Lt6tCHM_PSuJdUvhCEH2pyD08cv0-A1QvbLT-fXd5BYVKoRmrbwGqxPD5uiFweRwCWro0FQhtskfsMkMaUuWqtLkpohY2aGraC_TvgxbJTaGtGToWyM8RwK0UMqgDCtpva8UoDzVHZECYhGPjlzxfhn4rCaRoMVOGUFaIuoDTuyxCK0ZY39MOVnNwYZQkkp_aZiJwyfTDyt6BE8oobFgvdVUoyPpAfCkBbK6hQyFQVTNVPqafsrGxVU2lATe_X9n-CCgnzMeBJaJP3aVcWBhJWZK7kDzpFCbybWjwm0FzTlHO1NrZgDdc5cHxXcqCkZugmAAuedT1v7EWTBM-dajPA2N3bc2JRiYcIUCLgKjyQTWyAJuRVqfFtR66S8vcftjmi0qckPwSsJVATTyrJQONRbgy-r7KOu923e9JtA2LvOogONEuzwNm6sLbv14-MS_vaeK5WMwJgmToLH0rZwVHQ2mS1HVLoLH7CdlDMm_FQiqlr5MAhCtD85eqiPMqDrMu1IZPsDhGa7yosbAzBfWecg3ACOOHSHEkxH-SivwqNI6iAja-pnCjF=s916-no\" width=\"916\" height=\"916\" \/><\/a><\/p>\n","protected":false},"excerpt":{"rendered":"<p>En el nostre menjador seguim compartint l&#8217;estona del migdia amb els\/les companys\/es de classe i tamb\u00e9 de tota l&#8217;escola. \u00c9s un moment ric on petits i grans conviuen i on tamb\u00e9 han d&#8217;aprendre a respectar-se. Aix\u00ed que aquests dies aprofitant que mundialment es celebrava el dia de la Pau hem realitzat diferents activitats. Tamb\u00e9 hem [&hellip;]<\/p>\n","protected":false},"author":1,"featured_media":0,"comment_status":"open","ping_status":"closed","sticky":false,"template":"","format":"standard","meta":{"_bbp_topic_count":0,"_bbp_reply_count":0,"_bbp_total_topic_count":0,"_bbp_total_reply_count":0,"_bbp_voice_count":0,"_bbp_anonymous_reply_count":0,"_bbp_topic_count_hidden":0,"_bbp_reply_count_hidden":0,"_bbp_forum_subforum_count":0,"site-sidebar-layout":"default","site-content-layout":"","ast-site-content-layout":"","site-content-style":"default","site-sidebar-style":"default","ast-global-header-display":"","ast-banner-title-visibility":"","ast-main-header-display":"","ast-hfb-above-header-display":"","ast-hfb-below-header-display":"","ast-hfb-mobile-header-display":"","site-post-title":"","ast-breadcrumbs-content":"","ast-featured-img":"","footer-sml-layout":"","theme-transparent-header-meta":"","adv-header-id-meta":"","stick-header-meta":"","header-above-stick-meta":"","header-main-stick-meta":"","header-below-stick-meta":"","astra-migrate-meta-layouts":"default","ast-page-background-enabled":"default","ast-page-background-meta":{"desktop":{"background-color":"var(--ast-global-color-4)","background-image":"","background-repeat":"repeat","background-position":"center center","background-size":"auto","background-attachment":"scroll","background-type":"","background-media":"","overlay-type":"","overlay-color":"","overlay-opacity":"","overlay-gradient":""},"tablet":{"background-color":"","background-image":"","background-repeat":"repeat","background-position":"center center","background-size":"auto","background-attachment":"scroll","background-type":"","background-media":"","overlay-type":"","overlay-color":"","overlay-opacity":"","overlay-gradient":""},"mobile":{"background-color":"","background-image":"","background-repeat":"repeat","background-position":"center center","background-size":"auto","background-attachment":"scroll","background-type":"","background-media":"","overlay-type":"","overlay-color":"","overlay-opacity":"","overlay-gradient":""}},"ast-content-background-meta":{"desktop":{"background-color":"var(--ast-global-color-5)","background-image":"","background-repeat":"repeat","background-position":"center center","background-size":"auto","background-attachment":"scroll","background-type":"","background-media":"","overlay-type":"","overlay-color":"","overlay-opacity":"","overlay-gradient":""},"tablet":{"background-color":"var(--ast-global-color-5)","background-image":"","background-repeat":"repeat","background-position":"center center","background-size":"auto","background-attachment":"scroll","background-type":"","background-media":"","overlay-type":"","overlay-color":"","overlay-opacity":"","overlay-gradient":""},"mobile":{"background-color":"var(--ast-global-color-5)","background-image":"","background-repeat":"repeat","background-position":"center center","background-size":"auto","background-attachment":"scroll","background-type":"","background-media":"","overlay-type":"","overlay-color":"","overlay-opacity":"","overlay-gradient":""}},"footnotes":""},"categories":[80,78],"tags":[183],"class_list":["post-13315","post","type-post","status-publish","format-standard","hentry","category-activitats-menjador","category-menjador","tag-curs-2019-2020"],"post_mailing_queue_ids":[],"_links":{"self":[{"href":"https:\/\/agora.xtec.cat\/esc-dolorsmarti\/wp-json\/wp\/v2\/posts\/13315","targetHints":{"allow":["GET"]}}],"collection":[{"href":"https:\/\/agora.xtec.cat\/esc-dolorsmarti\/wp-json\/wp\/v2\/posts"}],"about":[{"href":"https:\/\/agora.xtec.cat\/esc-dolorsmarti\/wp-json\/wp\/v2\/types\/post"}],"author":[{"embeddable":true,"href":"https:\/\/agora.xtec.cat\/esc-dolorsmarti\/wp-json\/wp\/v2\/users\/1"}],"replies":[{"embeddable":true,"href":"https:\/\/agora.xtec.cat\/esc-dolorsmarti\/wp-json\/wp\/v2\/comments?post=13315"}],"version-history":[{"count":2,"href":"https:\/\/agora.xtec.cat\/esc-dolorsmarti\/wp-json\/wp\/v2\/posts\/13315\/revisions"}],"predecessor-version":[{"id":13317,"href":"https:\/\/agora.xtec.cat\/esc-dolorsmarti\/wp-json\/wp\/v2\/posts\/13315\/revisions\/13317"}],"wp:attachment":[{"href":"https:\/\/agora.xtec.cat\/esc-dolorsmarti\/wp-json\/wp\/v2\/media?parent=13315"}],"wp:term":[{"taxonomy":"category","embeddable":true,"href":"https:\/\/agora.xtec.cat\/esc-dolorsmarti\/wp-json\/wp\/v2\/categories?post=13315"},{"taxonomy":"post_tag","embeddable":true,"href":"https:\/\/agora.xtec.cat\/esc-dolorsmarti\/wp-json\/wp\/v2\/tags?post=13315"}],"curies":[{"name":"wp","href":"https:\/\/api.w.org\/{rel}","templated":true}]}}