{"id":885,"date":"2026-04-21T10:09:39","date_gmt":"2026-04-21T08:09:39","guid":{"rendered":"https:\/\/agora.xtec.cat\/esc-copons\/?p=885"},"modified":"2026-04-21T10:09:40","modified_gmt":"2026-04-21T08:09:40","slug":"xenia-benach","status":"publish","type":"post","link":"https:\/\/agora.xtec.cat\/esc-copons\/general\/xenia-benach\/","title":{"rendered":"X\u00e8nia Benach"},"content":{"rendered":"\n<p>Va venir la X\u00e8nia Benach.  Va venir perqu\u00e8 estem fent un projecte de les olimp\u00edades. Ha sigut campiona d&#8217;Espanya en salt de tanques. Ens va ensenyar les sabates de competir i les d&#8217;entrenament. tamb\u00e9 ens va ensenyar una foto de com anava vestida. Tamb\u00e9 ens va dir que la patrocina la marca  Joma. Llavors sempre ha d&#8217;anar vestida de la marca Joma. Ens va dir que podia anar amb calceta o amb pantal\u00f3 curt.<\/p>\n\n\n\n<p><\/p>\n\n\n\n<p>Ainet i Dana<\/p>\n\n\n\n<figure class=\"wp-block-image size-large\"><a href=\"https:\/\/agora.xtec.cat\/esc-copons\/wp-content\/uploads\/usu3059\/2026\/03\/IMG_7241.jpeg\"><img loading=\"lazy\" decoding=\"async\" width=\"1024\" height=\"768\" src=\"https:\/\/agora.xtec.cat\/esc-copons\/wp-content\/uploads\/usu3059\/2026\/03\/IMG_7241-1024x768.jpeg\" alt=\"\" class=\"wp-image-888\" srcset=\"https:\/\/agora.xtec.cat\/esc-copons\/wp-content\/uploads\/usu3059\/2026\/03\/IMG_7241-1024x768.jpeg 1024w, https:\/\/agora.xtec.cat\/esc-copons\/wp-content\/uploads\/usu3059\/2026\/03\/IMG_7241-300x225.jpeg 300w, https:\/\/agora.xtec.cat\/esc-copons\/wp-content\/uploads\/usu3059\/2026\/03\/IMG_7241-768x576.jpeg 768w, https:\/\/agora.xtec.cat\/esc-copons\/wp-content\/uploads\/usu3059\/2026\/03\/IMG_7241-1536x1153.jpeg 1536w, https:\/\/agora.xtec.cat\/esc-copons\/wp-content\/uploads\/usu3059\/2026\/03\/IMG_7241-2048x1537.jpeg 2048w, https:\/\/agora.xtec.cat\/esc-copons\/wp-content\/uploads\/usu3059\/2026\/03\/IMG_7241-200x150.jpeg 200w\" sizes=\"auto, (max-width: 1024px) 100vw, 1024px\" \/><\/a><\/figure>\n","protected":false},"excerpt":{"rendered":"<p>Va venir la X\u00e8nia Benach.  Va venir perqu\u00e8 estem fent un projecte de les olimp\u00edades. Ha sigut campiona d&#8217;Espanya en salt de tanques. Ens va ensenyar les sabates de competir i les d&#8217;entrenament. tamb\u00e9 ens va ensenyar una foto de com anava vestida. Tamb\u00e9&hellip;  <a href=\"https:\/\/agora.xtec.cat\/esc-copons\/general\/xenia-benach\/\" title=\"Read X\u00e8nia Benach\">Llegeix m\u00e9s\u00bb<\/a><\/p>\n","protected":false},"author":3,"featured_media":0,"comment_status":"open","ping_status":"open","sticky":false,"template":"","format":"standard","meta":{"footnotes":""},"categories":[1],"tags":[],"class_list":["post-885","post","type-post","status-publish","format-standard","hentry","category-general"],"post_mailing_queue_ids":[],"_links":{"self":[{"href":"https:\/\/agora.xtec.cat\/esc-copons\/wp-json\/wp\/v2\/posts\/885","targetHints":{"allow":["GET"]}}],"collection":[{"href":"https:\/\/agora.xtec.cat\/esc-copons\/wp-json\/wp\/v2\/posts"}],"about":[{"href":"https:\/\/agora.xtec.cat\/esc-copons\/wp-json\/wp\/v2\/types\/post"}],"author":[{"embeddable":true,"href":"https:\/\/agora.xtec.cat\/esc-copons\/wp-json\/wp\/v2\/users\/3"}],"replies":[{"embeddable":true,"href":"https:\/\/agora.xtec.cat\/esc-copons\/wp-json\/wp\/v2\/comments?post=885"}],"version-history":[{"count":1,"href":"https:\/\/agora.xtec.cat\/esc-copons\/wp-json\/wp\/v2\/posts\/885\/revisions"}],"predecessor-version":[{"id":889,"href":"https:\/\/agora.xtec.cat\/esc-copons\/wp-json\/wp\/v2\/posts\/885\/revisions\/889"}],"wp:attachment":[{"href":"https:\/\/agora.xtec.cat\/esc-copons\/wp-json\/wp\/v2\/media?parent=885"}],"wp:term":[{"taxonomy":"category","embeddable":true,"href":"https:\/\/agora.xtec.cat\/esc-copons\/wp-json\/wp\/v2\/categories?post=885"},{"taxonomy":"post_tag","embeddable":true,"href":"https:\/\/agora.xtec.cat\/esc-copons\/wp-json\/wp\/v2\/tags?post=885"}],"curies":[{"name":"wp","href":"https:\/\/api.w.org\/{rel}","templated":true}]}}